{"id":5315,"date":"2021-11-29T17:31:43","date_gmt":"2021-11-29T17:31:43","guid":{"rendered":"https:\/\/nuevawebadv.advertis.es\/necessito-una-agencia-digital-o-una-agencia-creativa\/"},"modified":"2024-09-30T13:55:38","modified_gmt":"2024-09-30T13:55:38","slug":"necessito-una-agencia-digital-o-una-agencia-creativa","status":"publish","type":"post","link":"https:\/\/advertis.es\/ca\/necessito-una-agencia-digital-o-una-agencia-creativa\/","title":{"rendered":"Necessito una Ag\u00e8ncia Digital o una Ag\u00e8ncia Creativa?"},"content":{"rendered":"\n<h2 class=\"wp-block-heading\">Un dilema cl\u00e0ssic que t\u00e9 els dies comptats<\/h2>\n\n<p>El m\u00f3n de la digitalitzaci\u00f3 est\u00e0 trastocant totes les empreses, ja siguin companyies de serveis, productes manufacturats o mat\u00e8ries primeres. L&#8217;entorn digital s&#8217;est\u00e0 aplicant a tots els processos, des de l&#8217;administratiu, el productiu i el comercial, i \u00e9s aqu\u00ed on el m\u00e0rqueting digital est\u00e0 transformant l&#8217;ess\u00e8ncia de l&#8217;ag\u00e8ncia. La pregunta que es fan moltes empreses que necessiten una ag\u00e8ncia de publicitat \u00e9s: Em conv\u00e9 treballar m\u00e9s amb una ag\u00e8ncia digital o amb una ag\u00e8ncia creativa? Aquesta q\u00fcesti\u00f3, plantejada aix\u00ed, t\u00e9 els dies comptats.   <\/p>\n\n<h2 class=\"wp-block-heading\">El declivi de l&#8217;ag\u00e8ncia creativa cl\u00e0ssica<\/h2>\n\n<p>Quan ens aturem a pensar en la publicitat, en el seu cam\u00ed des de mitjans del segle XIX fins avui, en ple segle XXI, \u00e9s quan ens adonem de com pot ser d&#8217;esc\u00e0s defensar les grans virtuts de la creativitat publicit\u00e0ria sense con\u00e8ixer a fons la realitat del m\u00e0rqueting digital. La veritat \u00e9s que l&#8217;ag\u00e8ncia creativa que no assumeix les oportunitats que ofereix la digitalitzaci\u00f3 de la societat i les noves eines del m\u00e0rqueting digital \u00e9s una ag\u00e8ncia amb una visi\u00f3 distorsionada. Des d&#8217;aquest punt de vista, la realitat \u00e9s que dif\u00edcilment una ag\u00e8ncia cl\u00e0ssica pot aconseguir els objectius que qualsevol anunciant vol assolir.  <\/p>\n\n<h2 class=\"wp-block-heading\">Una ag\u00e8ncia digital pot ser creativa?<\/h2>\n\n<p>Una de les definicions de la paraula creatiu o creativa segons el <a aria-label=\"undefined (abre en una nueva pesta&#xF1;a)\" href=\"https:\/\/dlc.iec.cat\/Results?DecEntradaText=creatiu&amp;AllInfoMorf=False&amp;OperEntrada=0&amp;OperDef=0&amp;OperEx=0&amp;OperSubEntrada=0&amp;OperAreaTematica=0&amp;InfoMorfType=0&amp;OperCatGram=False&amp;AccentSen=False&amp;CurrentPage=0&amp;refineSearch=0&amp;Actualitzacions=False\" target=\"_blank\" rel=\"noreferrer noopener\">diccionari<\/a>, es refereix a \u201cla persona que concep anuncis publicitaris\u201d. A ning\u00fa se li escapa que un anunci publicitari t\u00e9 avui una quantitat de formats molt m\u00e9s gran i de complexitat superior, que nom\u00e9s fa 15 anys. Si pregunt\u00e9ssim al consumidor mitj\u00e0 que \u00e9s un anunci, molts esmentarien la cl\u00e0ssica falca de r\u00e0dio o un espot de televisi\u00f3, per\u00f2 una gran part es referiria a \u201cel que surt\u201d al mig de TikTok, Instagram o Twitch. I la veritat \u00e9s que publicar anuncis en suports digitals tamb\u00e9 requereixen una creativitat que no es pot desenvolupar sense coneixement t\u00e8cnic del suport ni del llenguatge m\u00e9s efica\u00e7 a cadascun dels canals.   <\/p>\n\n<p>Per aix\u00f2, no \u00e9s que una ag\u00e8ncia digital pot ser creativa, \u00e9s que ho ha de ser.<\/p>\n\n<h2 class=\"wp-block-heading\">Creativitat publicit\u00e0ria: Atracci\u00f3 i estil sota el signe de la programaci\u00f3<\/h2>\n\n<p>El registre publicitari dels mitjans tradicionals no t\u00e9 res a veure amb el registre digital, que entre els canals i les xarxes socials ja \u00e9s molt diferent. Els anuncis de Linkedin s\u00f3n molt diferents dels d&#8217;Instagram perqu\u00e8 els objectius, p\u00fablics i interessos a cada xarxa s\u00f3n molt diferents. Tampoc els anuncis din\u00e0mics a cercadors, que ja es generen mitjan\u00e7ant algorismes com va publicar recentment <a href=\"https:\/\/support.google.com\/google-ads\/answer\/2471185?hl=es\">Google<\/a>, s\u00f3n el mateix que els anuncis display adaptats a la navegaci\u00f3 de l&#8217;internauta.  <\/p>\n\n<p>Aquesta realitat \u00e9s ben coneguda pels experts digitals, normalment molt formats en tasques t\u00e8cniques emmarcades en la programaci\u00f3 en l\u00ednia, per\u00f2 poc formats en creativitat publicit\u00e0ria o disseny gr\u00e0fic. I heus aqu\u00ed una q\u00fcesti\u00f3 nova: L&#8217;habilitat tecnol\u00f2gica pot substituir l&#8217;habilitat creativa de la comunicaci\u00f3 comercial? La resposta \u00e9s no, sens dubte.  <\/p>\n\n<p>Es fa imprescindible con\u00e8ixer a fons els requeriments t\u00e8cnics dels canals digitals per assolir uns bons resultats, \u00e9s clar. Per\u00f2, en paral\u00b7lel, el treball professional tamb\u00e9 ha de respondre al bon gust i aconseguir l&#8217;impacte de missatges perqu\u00e8 puguin arribar al fons de l&#8217;emotivitat m\u00e9s personal, tal com es buscava a la televisi\u00f3 dels anys vuitanta i noranta. Era la publicitat que venia i l&#8217;her\u00e8ncia del <em>glamur <\/em>que va deixar ha d&#8217;aplicar-se al m\u00f3n digital per aconseguir els mateixos resultats.  <\/p>\n\n<p>\u00c9s cert que la creaci\u00f3 del llenguatge publicitari a la televisi\u00f3 als anys cinquanta no va ser f\u00e0cil perqu\u00e8 el canal era molt diferent de la r\u00e0dio, per\u00f2 tampoc no \u00e9s f\u00e0cil passar d&#8217;aquests mitjans tradicionals als digitals. Res no \u00e9s f\u00e0cil. <\/p>\n\n<h2 class=\"wp-block-heading\">L&#8217;ag\u00e8ncia digital ser\u00e0 creativa o no ser\u00e0<\/h2>\n\n<p>Si b\u00e9 els dies de gl\u00f2ria de les anomenades <em>ag\u00e8ncies creatives<\/em> s\u00f3n aigua passada, tampoc tindran gaire futur les <em>ag\u00e8ncies digitals<\/em> que nom\u00e9s es plantegen resoldre problemes t\u00e8cnics per llan\u00e7ar anuncis i crear campanyes. Els anuncis han d&#8217;atrapar el client, ja sigui amb text o amb imatge, per\u00f2 han de persuadir, no informar. <\/p>\n\n<p>No \u00e9s gens f\u00e0cil fer campanyes creatives a Internet, per\u00f2 res no ho \u00e9s. Un exemple van ser les campanyes virals basades en la falsedat que van triomfar a principis d&#8217;aquest mil\u00b7lenni, com la campanya de MTV amb el v\u00eddeo \u201c<a href=\"https:\/\/www.abc.es\/espana\/abci-laura-campana-publicitaria-mas-eficaz-200610180300-1423813925710_noticia.html\">Amo a Laura<\/a>\u201d o el \u201c<a href=\"https:\/\/elpais.com\/tecnologia\/2006\/10\/01\/actualidad\/1159691279_850215.html\">Robatori de la butaca de Zapatero<\/a>\u201d. Eren intents creatius amb nous llenguatges publicitaris en l\u00ednia com a rerefons, per\u00f2 s&#8217;ha demostrat que la xarxa ja no accepta enganys avui dia.  <\/p>\n\n<p>La publicitat, sigui digital o no, ha de ser creativa, honesta i persuasiva. Ha d&#8217;estar adaptada a la naturalesa de cada canal. Ara b\u00e9, si l&#8217;objectiu marcat s&#8217;aconsegueix o no, aix\u00f2 ja \u00e9s farina d&#8217;un altre paner. Si ja tens clar que necessites una ag\u00e8ncia digital i creativa, <a href=\"https:\/\/advertis.es\/contactar\/\">contacta amb nosaltres<\/a>.   <\/p>\n","protected":false},"excerpt":{"rendered":"<p>Lectura 5&#8242;. Moltes empreses es pregunten Em conv\u00e9 treballar m\u00e9s amb una ag\u00e8ncia digital o amb una ag\u00e8ncia creativa? Aquesta q\u00fcesti\u00f3, plantejada aix\u00ed, t\u00e9 els dies comptats perqu\u00e8 l&#8217;ag\u00e8ncia del present ja ha de ser digital i creativa alhora.  <\/p>\n","protected":false},"author":4,"featured_media":4450,"comment_status":"closed","ping_status":"closed","sticky":false,"template":"","format":"standard","meta":{"_acf_changed":false,"footnotes":""},"categories":[116],"tags":[157],"class_list":["post-5315","post","type-post","status-publish","format-standard","has-post-thumbnail","hentry","category-estrategia-digital-i-gestio-online","tag-agencies"],"acf":[],"yoast_head":"<!-- This site is optimized with the Yoast SEO plugin v24.2 - https:\/\/yoast.com\/wordpress\/plugins\/seo\/ -->\n<title>Ag\u00e8ncia Digital o Ag\u00e8ncia Creativa? | ADVERTIS<\/title>\n<meta name=\"description\" content=\"Moltes empreses es pregunten Em conv\u00e9 treballar m\u00e9s amb una ag\u00e8ncia digital o amb una ag\u00e8ncia creativa? Aquesta q\u00fcesti\u00f3 t\u00e9 els dies comptats.\" \/>\n<meta name=\"robots\" content=\"index, follow, max-snippet:-1, max-image-preview:large, max-video-preview:-1\" \/>\n<link rel=\"canonical\" href=\"https:\/\/advertis.es\/ca\/necessito-una-agencia-digital-o-una-agencia-creativa\/\" \/>\n<meta property=\"og:locale\" content=\"ca_ES\" \/>\n<meta property=\"og:type\" content=\"article\" \/>\n<meta property=\"og:title\" content=\"Ag\u00e8ncia Digital o Ag\u00e8ncia Creativa? | ADVERTIS\" \/>\n<meta property=\"og:description\" content=\"Moltes empreses es pregunten Em conv\u00e9 treballar m\u00e9s amb una ag\u00e8ncia digital o amb una ag\u00e8ncia creativa? Aquesta q\u00fcesti\u00f3 t\u00e9 els dies comptats.\" \/>\n<meta property=\"og:url\" content=\"https:\/\/advertis.es\/ca\/necessito-una-agencia-digital-o-una-agencia-creativa\/\" \/>\n<meta property=\"og:site_name\" content=\"Advertis\" \/>\n<meta property=\"article:publisher\" content=\"https:\/\/www.facebook.com\/advertispublicidad?ref=hl\" \/>\n<meta property=\"article:published_time\" content=\"2021-11-29T17:31:43+00:00\" \/>\n<meta property=\"article:modified_time\" content=\"2024-09-30T13:55:38+00:00\" \/>\n<meta name=\"author\" content=\"Xavier Folguera\" \/>\n<meta name=\"twitter:card\" content=\"summary_large_image\" \/>\n<meta name=\"twitter:creator\" content=\"@advertisglobal\" \/>\n<meta name=\"twitter:site\" content=\"@advertisglobal\" \/>\n<script type=\"application\/ld+json\" class=\"yoast-schema-graph\">{\"@context\":\"https:\/\/schema.org\",\"@graph\":[{\"@type\":\"Article\",\"@id\":\"https:\/\/advertis.es\/ca\/necessito-una-agencia-digital-o-una-agencia-creativa\/#article\",\"isPartOf\":{\"@id\":\"https:\/\/advertis.es\/ca\/necessito-una-agencia-digital-o-una-agencia-creativa\/\"},\"author\":{\"name\":\"Xavier Folguera\",\"@id\":\"https:\/\/advertis.es\/ca\/#\/schema\/person\/b97b1a1666479cb3925871aa53ed67fa\"},\"headline\":\"Necessito una Ag\u00e8ncia Digital o una Ag\u00e8ncia Creativa?\",\"datePublished\":\"2021-11-29T17:31:43+00:00\",\"dateModified\":\"2024-09-30T13:55:38+00:00\",\"mainEntityOfPage\":{\"@id\":\"https:\/\/advertis.es\/ca\/necessito-una-agencia-digital-o-una-agencia-creativa\/\"},\"wordCount\":895,\"publisher\":{\"@id\":\"https:\/\/advertis.es\/ca\/#organization\"},\"image\":{\"@id\":\"https:\/\/advertis.es\/ca\/necessito-una-agencia-digital-o-una-agencia-creativa\/#primaryimage\"},\"thumbnailUrl\":\"\",\"keywords\":[\"ag\u00e8ncies\"],\"articleSection\":[\"Estrat\u00e8gia Digital i Gesti\u00f3 Online\"],\"inLanguage\":\"ca\"},{\"@type\":\"WebPage\",\"@id\":\"https:\/\/advertis.es\/ca\/necessito-una-agencia-digital-o-una-agencia-creativa\/\",\"url\":\"https:\/\/advertis.es\/ca\/necessito-una-agencia-digital-o-una-agencia-creativa\/\",\"name\":\"Ag\u00e8ncia Digital o Ag\u00e8ncia Creativa? | ADVERTIS\",\"isPartOf\":{\"@id\":\"https:\/\/advertis.es\/ca\/#website\"},\"primaryImageOfPage\":{\"@id\":\"https:\/\/advertis.es\/ca\/necessito-una-agencia-digital-o-una-agencia-creativa\/#primaryimage\"},\"image\":{\"@id\":\"https:\/\/advertis.es\/ca\/necessito-una-agencia-digital-o-una-agencia-creativa\/#primaryimage\"},\"thumbnailUrl\":\"\",\"datePublished\":\"2021-11-29T17:31:43+00:00\",\"dateModified\":\"2024-09-30T13:55:38+00:00\",\"description\":\"Moltes empreses es pregunten Em conv\u00e9 treballar m\u00e9s amb una ag\u00e8ncia digital o amb una ag\u00e8ncia creativa? Aquesta q\u00fcesti\u00f3 t\u00e9 els dies comptats.\",\"breadcrumb\":{\"@id\":\"https:\/\/advertis.es\/ca\/necessito-una-agencia-digital-o-una-agencia-creativa\/#breadcrumb\"},\"inLanguage\":\"ca\",\"potentialAction\":[{\"@type\":\"ReadAction\",\"target\":[\"https:\/\/advertis.es\/ca\/necessito-una-agencia-digital-o-una-agencia-creativa\/\"]}]},{\"@type\":\"ImageObject\",\"inLanguage\":\"ca\",\"@id\":\"https:\/\/advertis.es\/ca\/necessito-una-agencia-digital-o-una-agencia-creativa\/#primaryimage\",\"url\":\"\",\"contentUrl\":\"\",\"width\":2119,\"height\":1414},{\"@type\":\"BreadcrumbList\",\"@id\":\"https:\/\/advertis.es\/ca\/necessito-una-agencia-digital-o-una-agencia-creativa\/#breadcrumb\",\"itemListElement\":[{\"@type\":\"ListItem\",\"position\":1,\"name\":\"Portada\",\"item\":\"https:\/\/advertis.es\/ca\/\"},{\"@type\":\"ListItem\",\"position\":2,\"name\":\"Necessito una Ag\u00e8ncia Digital o una Ag\u00e8ncia Creativa?\"}]},{\"@type\":\"WebSite\",\"@id\":\"https:\/\/advertis.es\/ca\/#website\",\"url\":\"https:\/\/advertis.es\/ca\/\",\"name\":\"Advertis\",\"description\":\"\",\"publisher\":{\"@id\":\"https:\/\/advertis.es\/ca\/#organization\"},\"potentialAction\":[{\"@type\":\"SearchAction\",\"target\":{\"@type\":\"EntryPoint\",\"urlTemplate\":\"https:\/\/advertis.es\/ca\/?s={search_term_string}\"},\"query-input\":{\"@type\":\"PropertyValueSpecification\",\"valueRequired\":true,\"valueName\":\"search_term_string\"}}],\"inLanguage\":\"ca\"},{\"@type\":\"Organization\",\"@id\":\"https:\/\/advertis.es\/ca\/#organization\",\"name\":\"Advertis Global SL\",\"alternateName\":\"Advertis\",\"url\":\"https:\/\/advertis.es\/ca\/\",\"logo\":{\"@type\":\"ImageObject\",\"inLanguage\":\"ca\",\"@id\":\"https:\/\/advertis.es\/ca\/#\/schema\/logo\/image\/\",\"url\":\"https:\/\/advertis.es\/wp-content\/uploads\/Group-9.svg\",\"contentUrl\":\"https:\/\/advertis.es\/wp-content\/uploads\/Group-9.svg\",\"width\":300,\"height\":44,\"caption\":\"Advertis Global SL\"},\"image\":{\"@id\":\"https:\/\/advertis.es\/ca\/#\/schema\/logo\/image\/\"},\"sameAs\":[\"https:\/\/www.facebook.com\/advertispublicidad?ref=hl\",\"https:\/\/x.com\/advertisglobal\",\"https:\/\/www.linkedin.com\/company\/advertis\"]},{\"@type\":\"Person\",\"@id\":\"https:\/\/advertis.es\/ca\/#\/schema\/person\/b97b1a1666479cb3925871aa53ed67fa\",\"name\":\"Xavier Folguera\"}]}<\/script>\n<!-- \/ Yoast SEO plugin. -->","yoast_head_json":{"title":"Ag\u00e8ncia Digital o Ag\u00e8ncia Creativa? | ADVERTIS","description":"Moltes empreses es pregunten Em conv\u00e9 treballar m\u00e9s amb una ag\u00e8ncia digital o amb una ag\u00e8ncia creativa? Aquesta q\u00fcesti\u00f3 t\u00e9 els dies comptats.","robots":{"index":"index","follow":"follow","max-snippet":"max-snippet:-1","max-image-preview":"max-image-preview:large","max-video-preview":"max-video-preview:-1"},"canonical":"https:\/\/advertis.es\/ca\/necessito-una-agencia-digital-o-una-agencia-creativa\/","og_locale":"ca_ES","og_type":"article","og_title":"Ag\u00e8ncia Digital o Ag\u00e8ncia Creativa? | ADVERTIS","og_description":"Moltes empreses es pregunten Em conv\u00e9 treballar m\u00e9s amb una ag\u00e8ncia digital o amb una ag\u00e8ncia creativa? Aquesta q\u00fcesti\u00f3 t\u00e9 els dies comptats.","og_url":"https:\/\/advertis.es\/ca\/necessito-una-agencia-digital-o-una-agencia-creativa\/","og_site_name":"Advertis","article_publisher":"https:\/\/www.facebook.com\/advertispublicidad?ref=hl","article_published_time":"2021-11-29T17:31:43+00:00","article_modified_time":"2024-09-30T13:55:38+00:00","author":"Xavier Folguera","twitter_card":"summary_large_image","twitter_creator":"@advertisglobal","twitter_site":"@advertisglobal","schema":{"@context":"https:\/\/schema.org","@graph":[{"@type":"Article","@id":"https:\/\/advertis.es\/ca\/necessito-una-agencia-digital-o-una-agencia-creativa\/#article","isPartOf":{"@id":"https:\/\/advertis.es\/ca\/necessito-una-agencia-digital-o-una-agencia-creativa\/"},"author":{"name":"Xavier Folguera","@id":"https:\/\/advertis.es\/ca\/#\/schema\/person\/b97b1a1666479cb3925871aa53ed67fa"},"headline":"Necessito una Ag\u00e8ncia Digital o una Ag\u00e8ncia Creativa?","datePublished":"2021-11-29T17:31:43+00:00","dateModified":"2024-09-30T13:55:38+00:00","mainEntityOfPage":{"@id":"https:\/\/advertis.es\/ca\/necessito-una-agencia-digital-o-una-agencia-creativa\/"},"wordCount":895,"publisher":{"@id":"https:\/\/advertis.es\/ca\/#organization"},"image":{"@id":"https:\/\/advertis.es\/ca\/necessito-una-agencia-digital-o-una-agencia-creativa\/#primaryimage"},"thumbnailUrl":"","keywords":["ag\u00e8ncies"],"articleSection":["Estrat\u00e8gia Digital i Gesti\u00f3 Online"],"inLanguage":"ca"},{"@type":"WebPage","@id":"https:\/\/advertis.es\/ca\/necessito-una-agencia-digital-o-una-agencia-creativa\/","url":"https:\/\/advertis.es\/ca\/necessito-una-agencia-digital-o-una-agencia-creativa\/","name":"Ag\u00e8ncia Digital o Ag\u00e8ncia Creativa? | ADVERTIS","isPartOf":{"@id":"https:\/\/advertis.es\/ca\/#website"},"primaryImageOfPage":{"@id":"https:\/\/advertis.es\/ca\/necessito-una-agencia-digital-o-una-agencia-creativa\/#primaryimage"},"image":{"@id":"https:\/\/advertis.es\/ca\/necessito-una-agencia-digital-o-una-agencia-creativa\/#primaryimage"},"thumbnailUrl":"","datePublished":"2021-11-29T17:31:43+00:00","dateModified":"2024-09-30T13:55:38+00:00","description":"Moltes empreses es pregunten Em conv\u00e9 treballar m\u00e9s amb una ag\u00e8ncia digital o amb una ag\u00e8ncia creativa? Aquesta q\u00fcesti\u00f3 t\u00e9 els dies comptats.","breadcrumb":{"@id":"https:\/\/advertis.es\/ca\/necessito-una-agencia-digital-o-una-agencia-creativa\/#breadcrumb"},"inLanguage":"ca","potentialAction":[{"@type":"ReadAction","target":["https:\/\/advertis.es\/ca\/necessito-una-agencia-digital-o-una-agencia-creativa\/"]}]},{"@type":"ImageObject","inLanguage":"ca","@id":"https:\/\/advertis.es\/ca\/necessito-una-agencia-digital-o-una-agencia-creativa\/#primaryimage","url":"","contentUrl":"","width":2119,"height":1414},{"@type":"BreadcrumbList","@id":"https:\/\/advertis.es\/ca\/necessito-una-agencia-digital-o-una-agencia-creativa\/#breadcrumb","itemListElement":[{"@type":"ListItem","position":1,"name":"Portada","item":"https:\/\/advertis.es\/ca\/"},{"@type":"ListItem","position":2,"name":"Necessito una Ag\u00e8ncia Digital o una Ag\u00e8ncia Creativa?"}]},{"@type":"WebSite","@id":"https:\/\/advertis.es\/ca\/#website","url":"https:\/\/advertis.es\/ca\/","name":"Advertis","description":"","publisher":{"@id":"https:\/\/advertis.es\/ca\/#organization"},"potentialAction":[{"@type":"SearchAction","target":{"@type":"EntryPoint","urlTemplate":"https:\/\/advertis.es\/ca\/?s={search_term_string}"},"query-input":{"@type":"PropertyValueSpecification","valueRequired":true,"valueName":"search_term_string"}}],"inLanguage":"ca"},{"@type":"Organization","@id":"https:\/\/advertis.es\/ca\/#organization","name":"Advertis Global SL","alternateName":"Advertis","url":"https:\/\/advertis.es\/ca\/","logo":{"@type":"ImageObject","inLanguage":"ca","@id":"https:\/\/advertis.es\/ca\/#\/schema\/logo\/image\/","url":"https:\/\/advertis.es\/wp-content\/uploads\/Group-9.svg","contentUrl":"https:\/\/advertis.es\/wp-content\/uploads\/Group-9.svg","width":300,"height":44,"caption":"Advertis Global SL"},"image":{"@id":"https:\/\/advertis.es\/ca\/#\/schema\/logo\/image\/"},"sameAs":["https:\/\/www.facebook.com\/advertispublicidad?ref=hl","https:\/\/x.com\/advertisglobal","https:\/\/www.linkedin.com\/company\/advertis"]},{"@type":"Person","@id":"https:\/\/advertis.es\/ca\/#\/schema\/person\/b97b1a1666479cb3925871aa53ed67fa","name":"Xavier Folguera"}]}},"_links":{"self":[{"href":"https:\/\/advertis.es\/ca\/wp-json\/wp\/v2\/posts\/5315","targetHints":{"allow":["GET"]}}],"collection":[{"href":"https:\/\/advertis.es\/ca\/wp-json\/wp\/v2\/posts"}],"about":[{"href":"https:\/\/advertis.es\/ca\/wp-json\/wp\/v2\/types\/post"}],"author":[{"embeddable":true,"href":"https:\/\/advertis.es\/ca\/wp-json\/wp\/v2\/users\/4"}],"replies":[{"embeddable":true,"href":"https:\/\/advertis.es\/ca\/wp-json\/wp\/v2\/comments?post=5315"}],"version-history":[{"count":1,"href":"https:\/\/advertis.es\/ca\/wp-json\/wp\/v2\/posts\/5315\/revisions"}],"predecessor-version":[{"id":5316,"href":"https:\/\/advertis.es\/ca\/wp-json\/wp\/v2\/posts\/5315\/revisions\/5316"}],"wp:featuredmedia":[{"embeddable":true,"href":"https:\/\/advertis.es\/ca\/wp-json\/wp\/v2\/media\/4450"}],"wp:attachment":[{"href":"https:\/\/advertis.es\/ca\/wp-json\/wp\/v2\/media?parent=5315"}],"wp:term":[{"taxonomy":"category","embeddable":true,"href":"https:\/\/advertis.es\/ca\/wp-json\/wp\/v2\/categories?post=5315"},{"taxonomy":"post_tag","embeddable":true,"href":"https:\/\/advertis.es\/ca\/wp-json\/wp\/v2\/tags?post=5315"}],"curies":[{"name":"wp","href":"https:\/\/api.w.org\/{rel}","templated":true}]}}