{"id":5218,"date":"2020-04-15T13:49:57","date_gmt":"2020-04-15T13:49:57","guid":{"rendered":"https:\/\/nuevawebadv.advertis.es\/?p=9244"},"modified":"2020-04-15T09:03:00","modified_gmt":"2020-04-15T09:03:00","slug":"marqueting-digital-ecommerce","status":"publish","type":"post","link":"https:\/\/advertis.es\/ca\/marqueting-digital-ecommerce\/","title":{"rendered":"M\u00e0rqueting digital i eCommerce durant el Gran Confinament"},"content":{"rendered":"\n<h2 class=\"wp-block-heading\"> Internet, el cavall guanyador <\/h2>\n\n\n\n<p><strong>Lectura: 7\u2032<\/strong>. Si hi ha alguna cosa que ha sortit guanyadora d&#8217;aquesta situaci\u00f3 d&#8217;incertesa econ\u00f2mica, aix\u00f2 se&#8217;n diu Internet. Els seus bra\u00e7os armats a l&#8217;empresa s\u00f3n el m\u00e0rqueting digital i l&#8217;eCommerce, unes activitats que estan creixent amb molta m\u00e9s acceleraci\u00f3 de la prevista en tan sols fa uns mesos. El <a href=\"https:\/\/www.testdevelocidad.es\/2020\/04\/08\/gran-aumento-consumo-internet\/\">consum d&#8217;internet ha crescut<\/a> el doble del normal, <a href=\"https:\/\/www.expansion.com\/economia-digital\/companias\/2020\/03\/17\/5e70d4e0e5fdeadf0d8b4589.html\">les operadores aconsegueixen xifres r\u00e8cord<\/a> de tr\u00e0nsit i l&#8217;eCommerce, \u201c<a href=\"https:\/\/www.lavanguardia.com\/economia\/20190209\/46299305726\/ecommerce-venta-online-datos-tiendas-fisicas.html\">devora el past\u00eds<\/a>\u201d, tal com afirmen especialistes econ\u00f2mics.<\/p>\n\n\n\n<p>Des de fa setmanes, especialistes de tots els mitjans de comunicaci\u00f3 es fan ress\u00f2 dels canvis que bruscament han de realitzar les empreses i totes les organitzacions per a adaptar-se a tota velocitat a una nova realitat empresarial. Teletreball o videoconfer\u00e8ncia s\u00f3n paraules que avui adquireixen una nova dimensi\u00f3.<\/p>\n\n\n\n<p>La dificultat de continuar actuant de la mateixa forma, de manera presencial i amb contacte personal, provoca que la creaci\u00f3 de noves oportunitats comercials sigui pr\u00e0cticament impossible, tret que es canvi\u00efn els protocols d&#8217;actuaci\u00f3. \u00c9s aqu\u00ed quan, a difer\u00e8ncia del que ocorria fa 100 anys despr\u00e9s d&#8217;altres cat\u00e0strofes, les organitzacions, empreses, persones, consumidors i professionals, poden rec\u00f3rrer a Internet per a satisfer totes les seves necessitats. El M\u00e0rqueting digital i l&#8217;eCommerce s&#8217;estan convertint en les grans eines per al canvi, per al manteniment i el creixement del negoci de les empreses.<\/p>\n\n\n\n<h2 class=\"wp-block-heading\">Recuperaci\u00f3 a marxa lenta: Esperar ja no serveix<\/h2>\n\n\n\n<p>Experts de tot el m\u00f3n coincideixen en el convenciment que la recuperaci\u00f3 existir\u00e0, per\u00f2 ser\u00e0 molt lenta. Tan lenta (esperem que s&#8217;equivoquin) com puguin ser el creixement de l&#8217;economia i els avan\u00e7os de la medicina per a assegurar la salut dels ciutadans. Per\u00f2 els estats no tenen recursos infinits i la ci\u00e8ncia ja ha avisat que les vacunes portaran temps. Un temps que no poden desaprofitar les empreses per a activar les seves relacions comercials, sense cap dilaci\u00f3.<\/p>\n\n\n\n<p>Els departaments comercials i de m\u00e0rqueting saben que els resultats d&#8217;una estrat\u00e8gia de comunicaci\u00f3 arriben al cap de molts mesos i no hi ha temps que perdre. Si els responsables esperen a tornar a actuar de la mateixa forma, pot ser que perdin un temps preci\u00f3s. A cara i creu.  O be apostar de deb\u00f2 pel m\u00e0rqueting digital i eCommerce (B2B \/ B2C) o be, arriscar-se a esperar i desapar\u00e8ixer, quedant-se en una zona de confort amb data de caducitat .  .<\/p>\n\n\n\n<p>Un videoponent expert en economia afirmava en un seminari online fa pocs dies, arran de la crisi actual, que l&#8217;economia mundial \u00e9s com un elefant. Dif\u00edcil d&#8217;aturar, per\u00f2 dif\u00edcil d&#8217;arrencar. La veritat \u00e9s que totes les empreses depenen les unes de les altres. Sembla que no poden avan\u00e7ar sense sortir-se d&#8217;una fila \u00edndia que els det\u00e9 el pas. Per\u00f2 cal sortir de la fila i arriscar-se. Si Internet s&#8217;accelera i l&#8217;economia s&#8217;alenteix, ja sabem on han de posar el focus les empreses.<\/p>\n\n\n\n<h2 class=\"wp-block-heading\">10 raons de pes per a apostar pel m\u00e0rqueting digital i la venda online<\/h2>\n\n\n\n<p>Existeixen moltes raons per les quals tota compa\u00f1ia ha d&#8217;impulsar un pensament lateral, integrar el m\u00e0rqueting digital i l&#8217;eCommerce en tota la seva plenitud per a sobreviure i cr\u00e9ixer en la nova realitat econ\u00f2mica:<\/p>\n\n\n\n<p>1.- Les empreses l\u00edders integraran tots els <strong>processos mitjan\u00e7ant Internet<\/strong> (Administraci\u00f3, recursos humans, comercial, tecnologia) i nom\u00e9s voldran treballar amb altres empreses qui estiguin a la seva altura i tinguin Internet com un aliat, no com un problema.<\/p>\n\n\n\n<p>2.- Internet \u00e9s un <strong>canal comercial<\/strong>, de productes i de serveis. Entre professionals i entre empreses. Cap sector de l&#8217;economia estar\u00e0 fora d&#8217;aquesta realitat. Totes poden utilitzar Internet com un canal comercial i cal pensar que la compet\u00e8ncia potser ja ho est\u00e0 fent.<\/p>\n\n\n\n<p>3.- Internet \u00e9s un <strong>canal de comunicaci\u00f3 i col\u00b7laboraci\u00f3<\/strong> dins de les pr\u00f2pies organitzacions, entre els seus membres. La xarxa \u00e9s calidosc\u00f2pica i instant\u00e0nia i permet adaptar-la als interessos de cada empresa.<\/p>\n\n\n\n<p>4.- Tamb\u00e9 Internet \u00e9s un <strong>canal d&#8217;expressi\u00f3 de les necessitats<\/strong> dels clients i es fa ress\u00f2 de la realitat del mercat. Les empreses han d&#8217;estar atentes perqu\u00e8 fora d&#8217;Internet estaran sordes i mudes.<\/p>\n\n\n\n<p>5.- Els <strong>pressupostos<\/strong> del departament de m\u00e0rqueting i comercial s\u00f3n m\u00e9s adaptables a Internet, ja que els costos de l&#8217;activitat tradicional s\u00f3n superiors. Fires, esdeveniments o viatges de negocis s\u00f3n exemples clars. La competitivitat comen\u00e7a amb l&#8217;estalvi.<\/p>\n\n\n\n<p>6.- Les <strong>compet\u00e8ncies digitals<\/strong> de l&#8217;equip hum\u00e0 nom\u00e9s es desenvolupen si s&#8217;introdueixen en les empreses. Nom\u00e9s es poden aconseguir afrontant-ho en el dia a dia, no tenint-lo com un projecte de futur que mai arriba.<\/p>\n\n\n\n<p>7.- Si s&#8217;ent\u00e9n Internet a fons es poden crear <strong>nous mercats, nous negocis<\/strong>. Si s&#8217;ent\u00e9n superficialment, Internet nom\u00e9s serveix per a tenir una web m\u00e9s bonica.<\/p>\n\n\n\n<p>8.- Internet ho fa tot <strong>m\u00e9s r\u00e0pid, m\u00e9s \u00e0gil<\/strong>. Pot transformar la realitat de les empreses com mai ha succe\u00eft abans, per\u00f2 el m\u00e0rqueting digital i l&#8217;eCommerce tamb\u00e9 necessita un temps de maduraci\u00f3 i no pot esperar. No es fa d&#8217;un dia per a un altre.<\/p>\n\n\n\n<p>9.- Internet \u00e9s un entorn que promou el naixement de productes i serveis di\u00e0riament perqu\u00e8 pot adaptar-se a la imaginaci\u00f3 de cada marca i el mercat \u00e9s interminable. Estem en <strong>l&#8217;era de l&#8217;oh,sorpresa<\/strong>! i tu no pots ser menys que la compet\u00e8ncia.<\/p>\n\n\n\n<p>10.- El m\u00e0rqueting digital i l&#8217;eCommerce ja no son cosa del futur, <strong>\u00e9s per ahir<\/strong>. Les empreses que no pensin aix\u00ed ocupar\u00e1n un espai preferent al podi dels records m\u00e9s llunyants. L&#8217;<a href=\"\/?page_id=8514\">ag\u00e8ncies digitals<\/a> tenen molt a dir i els anunciants, molt a escoltar.<\/p>\n","protected":false},"excerpt":{"rendered":"<p>Lectura: 7\u2032. Si hi ha alguna cosa que ha sortit guanyadora d&#8217;aquesta situaci\u00f3 d&#8217;incertesa econ\u00f2mica, aix\u00f2 se&#8217;n diu Internet. Els seus bra\u00e7os armats en l&#8217;empresa s\u00f3n el m\u00e0rqueting digital i l&#8217;eCommerce, unes activitats que estan creixent amb molta m\u00e9s acceleraci\u00f3 de la prevista en tan sols fa un parell de mesos. <\/p>\n","protected":false},"author":4,"featured_media":4596,"comment_status":"closed","ping_status":"closed","sticky":false,"template":"","format":"standard","meta":{"_acf_changed":false,"footnotes":""},"categories":[26,121,116,23],"tags":[147,149],"class_list":["post-5218","post","type-post","status-publish","format-standard","has-post-thumbnail","hentry","category-ecommerce","category-comerc-electronic","category-estrategia-digital-i-gestio-online","category-estrategia-digital-y-gestion-online","tag-ecommerce-empresas","tag-marqueting-digital"],"acf":[],"yoast_head":"<!-- This site is optimized with the Yoast SEO plugin v24.2 - https:\/\/yoast.com\/wordpress\/plugins\/seo\/ -->\n<title>M\u00e0rqueting digital i eCommerce durant el Gran Confinament<\/title>\n<meta name=\"description\" content=\"10 raons per a integrar el m\u00e0rqueting digital i eCommerce en tota la seva plenitud per a sobreviure i cr\u00e9ixer *despues del Gran Confinament\" \/>\n<meta name=\"robots\" content=\"index, follow, max-snippet:-1, max-image-preview:large, max-video-preview:-1\" \/>\n<link rel=\"canonical\" href=\"https:\/\/advertis.es\/ca\/marqueting-digital-ecommerce\/\" \/>\n<meta property=\"og:locale\" content=\"ca_ES\" \/>\n<meta property=\"og:type\" content=\"article\" \/>\n<meta property=\"og:title\" content=\"M\u00e0rqueting digital i eCommerce durant el Gran Confinament\" \/>\n<meta property=\"og:description\" content=\"10 raons per a integrar el m\u00e0rqueting digital i eCommerce en tota la seva plenitud per a sobreviure i cr\u00e9ixer *despues del Gran Confinament\" \/>\n<meta property=\"og:url\" content=\"https:\/\/advertis.es\/ca\/marqueting-digital-ecommerce\/\" \/>\n<meta property=\"og:site_name\" content=\"Advertis\" \/>\n<meta property=\"article:publisher\" content=\"https:\/\/www.facebook.com\/advertispublicidad?ref=hl\" \/>\n<meta property=\"article:published_time\" content=\"2020-04-15T13:49:57+00:00\" \/>\n<meta property=\"article:modified_time\" content=\"2020-04-15T09:03:00+00:00\" \/>\n<meta property=\"og:image\" content=\"https:\/\/advertis.es\/wp-content\/uploads\/2020\/04\/woman-731894_1280.webp\" \/>\n\t<meta property=\"og:image:width\" content=\"1280\" \/>\n\t<meta property=\"og:image:height\" content=\"847\" \/>\n\t<meta property=\"og:image:type\" content=\"image\/webp\" \/>\n<meta name=\"author\" content=\"Xavier Folguera\" \/>\n<meta name=\"twitter:card\" content=\"summary_large_image\" \/>\n<meta name=\"twitter:creator\" content=\"@advertisglobal\" \/>\n<meta name=\"twitter:site\" content=\"@advertisglobal\" \/>\n<script type=\"application\/ld+json\" class=\"yoast-schema-graph\">{\"@context\":\"https:\/\/schema.org\",\"@graph\":[{\"@type\":\"Article\",\"@id\":\"https:\/\/advertis.es\/ca\/marqueting-digital-ecommerce\/#article\",\"isPartOf\":{\"@id\":\"https:\/\/advertis.es\/ca\/marqueting-digital-ecommerce\/\"},\"author\":{\"name\":\"Xavier Folguera\",\"@id\":\"https:\/\/advertis.es\/ca\/#\/schema\/person\/b97b1a1666479cb3925871aa53ed67fa\"},\"headline\":\"M\u00e0rqueting digital i eCommerce durant el Gran Confinament\",\"datePublished\":\"2020-04-15T13:49:57+00:00\",\"dateModified\":\"2020-04-15T09:03:00+00:00\",\"mainEntityOfPage\":{\"@id\":\"https:\/\/advertis.es\/ca\/marqueting-digital-ecommerce\/\"},\"wordCount\":1004,\"publisher\":{\"@id\":\"https:\/\/advertis.es\/ca\/#organization\"},\"image\":{\"@id\":\"https:\/\/advertis.es\/ca\/marqueting-digital-ecommerce\/#primaryimage\"},\"thumbnailUrl\":\"https:\/\/advertis.es\/wp-content\/uploads\/2020\/04\/woman-731894_1280.webp\",\"keywords\":[\"ecommerce empresas\",\"marqueting digital\"],\"articleSection\":[\"eCommerce\",\"eCommerce\",\"Estrat\u00e8gia Digital i Gesti\u00f3 Online\",\"Estrategia Digital y Gesti\u00f3n Online\"],\"inLanguage\":\"ca\"},{\"@type\":\"WebPage\",\"@id\":\"https:\/\/advertis.es\/ca\/marqueting-digital-ecommerce\/\",\"url\":\"https:\/\/advertis.es\/ca\/marqueting-digital-ecommerce\/\",\"name\":\"M\u00e0rqueting digital i eCommerce durant el Gran Confinament\",\"isPartOf\":{\"@id\":\"https:\/\/advertis.es\/ca\/#website\"},\"primaryImageOfPage\":{\"@id\":\"https:\/\/advertis.es\/ca\/marqueting-digital-ecommerce\/#primaryimage\"},\"image\":{\"@id\":\"https:\/\/advertis.es\/ca\/marqueting-digital-ecommerce\/#primaryimage\"},\"thumbnailUrl\":\"https:\/\/advertis.es\/wp-content\/uploads\/2020\/04\/woman-731894_1280.webp\",\"datePublished\":\"2020-04-15T13:49:57+00:00\",\"dateModified\":\"2020-04-15T09:03:00+00:00\",\"description\":\"10 raons per a integrar el m\u00e0rqueting digital i eCommerce en tota la seva plenitud per a sobreviure i cr\u00e9ixer *despues del Gran Confinament\",\"breadcrumb\":{\"@id\":\"https:\/\/advertis.es\/ca\/marqueting-digital-ecommerce\/#breadcrumb\"},\"inLanguage\":\"ca\",\"potentialAction\":[{\"@type\":\"ReadAction\",\"target\":[\"https:\/\/advertis.es\/ca\/marqueting-digital-ecommerce\/\"]}]},{\"@type\":\"ImageObject\",\"inLanguage\":\"ca\",\"@id\":\"https:\/\/advertis.es\/ca\/marqueting-digital-ecommerce\/#primaryimage\",\"url\":\"https:\/\/advertis.es\/wp-content\/uploads\/2020\/04\/woman-731894_1280.webp\",\"contentUrl\":\"https:\/\/advertis.es\/wp-content\/uploads\/2020\/04\/woman-731894_1280.webp\",\"width\":1280,\"height\":847},{\"@type\":\"BreadcrumbList\",\"@id\":\"https:\/\/advertis.es\/ca\/marqueting-digital-ecommerce\/#breadcrumb\",\"itemListElement\":[{\"@type\":\"ListItem\",\"position\":1,\"name\":\"Portada\",\"item\":\"https:\/\/advertis.es\/ca\/\"},{\"@type\":\"ListItem\",\"position\":2,\"name\":\"M\u00e0rqueting digital i eCommerce durant el Gran Confinament\"}]},{\"@type\":\"WebSite\",\"@id\":\"https:\/\/advertis.es\/ca\/#website\",\"url\":\"https:\/\/advertis.es\/ca\/\",\"name\":\"Advertis\",\"description\":\"\",\"publisher\":{\"@id\":\"https:\/\/advertis.es\/ca\/#organization\"},\"potentialAction\":[{\"@type\":\"SearchAction\",\"target\":{\"@type\":\"EntryPoint\",\"urlTemplate\":\"https:\/\/advertis.es\/ca\/?s={search_term_string}\"},\"query-input\":{\"@type\":\"PropertyValueSpecification\",\"valueRequired\":true,\"valueName\":\"search_term_string\"}}],\"inLanguage\":\"ca\"},{\"@type\":\"Organization\",\"@id\":\"https:\/\/advertis.es\/ca\/#organization\",\"name\":\"Advertis Global SL\",\"alternateName\":\"Advertis\",\"url\":\"https:\/\/advertis.es\/ca\/\",\"logo\":{\"@type\":\"ImageObject\",\"inLanguage\":\"ca\",\"@id\":\"https:\/\/advertis.es\/ca\/#\/schema\/logo\/image\/\",\"url\":\"https:\/\/advertis.es\/wp-content\/uploads\/Group-9.svg\",\"contentUrl\":\"https:\/\/advertis.es\/wp-content\/uploads\/Group-9.svg\",\"width\":300,\"height\":44,\"caption\":\"Advertis Global SL\"},\"image\":{\"@id\":\"https:\/\/advertis.es\/ca\/#\/schema\/logo\/image\/\"},\"sameAs\":[\"https:\/\/www.facebook.com\/advertispublicidad?ref=hl\",\"https:\/\/x.com\/advertisglobal\",\"https:\/\/www.linkedin.com\/company\/advertis\"]},{\"@type\":\"Person\",\"@id\":\"https:\/\/advertis.es\/ca\/#\/schema\/person\/b97b1a1666479cb3925871aa53ed67fa\",\"name\":\"Xavier Folguera\"}]}<\/script>\n<!-- \/ Yoast SEO plugin. -->","yoast_head_json":{"title":"M\u00e0rqueting digital i eCommerce durant el Gran Confinament","description":"10 raons per a integrar el m\u00e0rqueting digital i eCommerce en tota la seva plenitud per a sobreviure i cr\u00e9ixer *despues del Gran Confinament","robots":{"index":"index","follow":"follow","max-snippet":"max-snippet:-1","max-image-preview":"max-image-preview:large","max-video-preview":"max-video-preview:-1"},"canonical":"https:\/\/advertis.es\/ca\/marqueting-digital-ecommerce\/","og_locale":"ca_ES","og_type":"article","og_title":"M\u00e0rqueting digital i eCommerce durant el Gran Confinament","og_description":"10 raons per a integrar el m\u00e0rqueting digital i eCommerce en tota la seva plenitud per a sobreviure i cr\u00e9ixer *despues del Gran Confinament","og_url":"https:\/\/advertis.es\/ca\/marqueting-digital-ecommerce\/","og_site_name":"Advertis","article_publisher":"https:\/\/www.facebook.com\/advertispublicidad?ref=hl","article_published_time":"2020-04-15T13:49:57+00:00","article_modified_time":"2020-04-15T09:03:00+00:00","og_image":[{"width":1280,"height":847,"url":"https:\/\/advertis.es\/wp-content\/uploads\/2020\/04\/woman-731894_1280.webp","type":"image\/webp"}],"author":"Xavier Folguera","twitter_card":"summary_large_image","twitter_creator":"@advertisglobal","twitter_site":"@advertisglobal","schema":{"@context":"https:\/\/schema.org","@graph":[{"@type":"Article","@id":"https:\/\/advertis.es\/ca\/marqueting-digital-ecommerce\/#article","isPartOf":{"@id":"https:\/\/advertis.es\/ca\/marqueting-digital-ecommerce\/"},"author":{"name":"Xavier Folguera","@id":"https:\/\/advertis.es\/ca\/#\/schema\/person\/b97b1a1666479cb3925871aa53ed67fa"},"headline":"M\u00e0rqueting digital i eCommerce durant el Gran Confinament","datePublished":"2020-04-15T13:49:57+00:00","dateModified":"2020-04-15T09:03:00+00:00","mainEntityOfPage":{"@id":"https:\/\/advertis.es\/ca\/marqueting-digital-ecommerce\/"},"wordCount":1004,"publisher":{"@id":"https:\/\/advertis.es\/ca\/#organization"},"image":{"@id":"https:\/\/advertis.es\/ca\/marqueting-digital-ecommerce\/#primaryimage"},"thumbnailUrl":"https:\/\/advertis.es\/wp-content\/uploads\/2020\/04\/woman-731894_1280.webp","keywords":["ecommerce empresas","marqueting digital"],"articleSection":["eCommerce","eCommerce","Estrat\u00e8gia Digital i Gesti\u00f3 Online","Estrategia Digital y Gesti\u00f3n Online"],"inLanguage":"ca"},{"@type":"WebPage","@id":"https:\/\/advertis.es\/ca\/marqueting-digital-ecommerce\/","url":"https:\/\/advertis.es\/ca\/marqueting-digital-ecommerce\/","name":"M\u00e0rqueting digital i eCommerce durant el Gran Confinament","isPartOf":{"@id":"https:\/\/advertis.es\/ca\/#website"},"primaryImageOfPage":{"@id":"https:\/\/advertis.es\/ca\/marqueting-digital-ecommerce\/#primaryimage"},"image":{"@id":"https:\/\/advertis.es\/ca\/marqueting-digital-ecommerce\/#primaryimage"},"thumbnailUrl":"https:\/\/advertis.es\/wp-content\/uploads\/2020\/04\/woman-731894_1280.webp","datePublished":"2020-04-15T13:49:57+00:00","dateModified":"2020-04-15T09:03:00+00:00","description":"10 raons per a integrar el m\u00e0rqueting digital i eCommerce en tota la seva plenitud per a sobreviure i cr\u00e9ixer *despues del Gran Confinament","breadcrumb":{"@id":"https:\/\/advertis.es\/ca\/marqueting-digital-ecommerce\/#breadcrumb"},"inLanguage":"ca","potentialAction":[{"@type":"ReadAction","target":["https:\/\/advertis.es\/ca\/marqueting-digital-ecommerce\/"]}]},{"@type":"ImageObject","inLanguage":"ca","@id":"https:\/\/advertis.es\/ca\/marqueting-digital-ecommerce\/#primaryimage","url":"https:\/\/advertis.es\/wp-content\/uploads\/2020\/04\/woman-731894_1280.webp","contentUrl":"https:\/\/advertis.es\/wp-content\/uploads\/2020\/04\/woman-731894_1280.webp","width":1280,"height":847},{"@type":"BreadcrumbList","@id":"https:\/\/advertis.es\/ca\/marqueting-digital-ecommerce\/#breadcrumb","itemListElement":[{"@type":"ListItem","position":1,"name":"Portada","item":"https:\/\/advertis.es\/ca\/"},{"@type":"ListItem","position":2,"name":"M\u00e0rqueting digital i eCommerce durant el Gran Confinament"}]},{"@type":"WebSite","@id":"https:\/\/advertis.es\/ca\/#website","url":"https:\/\/advertis.es\/ca\/","name":"Advertis","description":"","publisher":{"@id":"https:\/\/advertis.es\/ca\/#organization"},"potentialAction":[{"@type":"SearchAction","target":{"@type":"EntryPoint","urlTemplate":"https:\/\/advertis.es\/ca\/?s={search_term_string}"},"query-input":{"@type":"PropertyValueSpecification","valueRequired":true,"valueName":"search_term_string"}}],"inLanguage":"ca"},{"@type":"Organization","@id":"https:\/\/advertis.es\/ca\/#organization","name":"Advertis Global SL","alternateName":"Advertis","url":"https:\/\/advertis.es\/ca\/","logo":{"@type":"ImageObject","inLanguage":"ca","@id":"https:\/\/advertis.es\/ca\/#\/schema\/logo\/image\/","url":"https:\/\/advertis.es\/wp-content\/uploads\/Group-9.svg","contentUrl":"https:\/\/advertis.es\/wp-content\/uploads\/Group-9.svg","width":300,"height":44,"caption":"Advertis Global SL"},"image":{"@id":"https:\/\/advertis.es\/ca\/#\/schema\/logo\/image\/"},"sameAs":["https:\/\/www.facebook.com\/advertispublicidad?ref=hl","https:\/\/x.com\/advertisglobal","https:\/\/www.linkedin.com\/company\/advertis"]},{"@type":"Person","@id":"https:\/\/advertis.es\/ca\/#\/schema\/person\/b97b1a1666479cb3925871aa53ed67fa","name":"Xavier Folguera"}]}},"_links":{"self":[{"href":"https:\/\/advertis.es\/ca\/wp-json\/wp\/v2\/posts\/5218","targetHints":{"allow":["GET"]}}],"collection":[{"href":"https:\/\/advertis.es\/ca\/wp-json\/wp\/v2\/posts"}],"about":[{"href":"https:\/\/advertis.es\/ca\/wp-json\/wp\/v2\/types\/post"}],"author":[{"embeddable":true,"href":"https:\/\/advertis.es\/ca\/wp-json\/wp\/v2\/users\/4"}],"replies":[{"embeddable":true,"href":"https:\/\/advertis.es\/ca\/wp-json\/wp\/v2\/comments?post=5218"}],"version-history":[{"count":0,"href":"https:\/\/advertis.es\/ca\/wp-json\/wp\/v2\/posts\/5218\/revisions"}],"wp:featuredmedia":[{"embeddable":true,"href":"https:\/\/advertis.es\/ca\/wp-json\/wp\/v2\/media\/4596"}],"wp:attachment":[{"href":"https:\/\/advertis.es\/ca\/wp-json\/wp\/v2\/media?parent=5218"}],"wp:term":[{"taxonomy":"category","embeddable":true,"href":"https:\/\/advertis.es\/ca\/wp-json\/wp\/v2\/categories?post=5218"},{"taxonomy":"post_tag","embeddable":true,"href":"https:\/\/advertis.es\/ca\/wp-json\/wp\/v2\/tags?post=5218"}],"curies":[{"name":"wp","href":"https:\/\/api.w.org\/{rel}","templated":true}]}}