{"id":5177,"date":"2021-11-15T17:12:29","date_gmt":"2021-11-15T17:12:29","guid":{"rendered":"https:\/\/nuevawebadv.advertis.es\/?p=12370"},"modified":"2024-09-30T13:51:13","modified_gmt":"2024-09-30T13:51:13","slug":"espai-venda-en-linia-jvc","status":"publish","type":"post","link":"https:\/\/advertis.es\/ca\/espai-venda-en-linia-jvc\/","title":{"rendered":"Nou espai web de venda en l\u00ednia per a JVC"},"content":{"rendered":"\n<p>Advertis ha desenvolupat l&#8217;espai web de venda en l\u00ednia de la marca JVC (Japan Victor Company) per a la comercialitzaci\u00f3 d&#8217;auriculars sense fils d&#8217;alta tecnologia adre\u00e7ats al mercat de consum del nostre pa\u00eds.<\/p>\n\n\n\n<p>Visita aqu\u00ed la nova <a aria-label=\"undefined (abre en una nueva pesta\u00f1a)\" href=\"https:\/\/shop.jvc.es\/\" target=\"_blank\" rel=\"noreferrer noopener\">botiga online de JVC<\/a><\/p>\n\n\n\n<p>En aquest espai es mostra el millor de la marca en auriculars sense fils per a esportistes i persones amb un estil de vida din\u00e0mics. mitjan\u00e7ant una oferta de producte amb altes prestacions d&#8217;audici\u00f3. La marca JVC ha apostat per apropar-se al seu p\u00fablic amb un eCommerce suggeridor i persuasiu que cerca la complicitat del p\u00fablic a qui es dirigeix. Un espai imaginatiu, carregat d&#8217;efectes din\u00e0mics, d&#8217;acord amb la pr\u00f2pia filosofia del producte.<\/p>\n\n\n\n<div class=\"wp-block-image\"><figure class=\"aligncenter size-large\"><img decoding=\"async\" src=\"https:\/\/advertis.es\/wp-content\/uploads\/2021\/11\/JVC1-1-1024x468.png\" alt=\"\" class=\"wp-image-12371\"\/><\/figure><\/div>\n\n\n\n<h2 class=\"wp-block-heading\">Auriculars urbans, esportius i Exofield, el<em> home theater<\/em> dom\u00e8stic en audici\u00f3 3D<\/h2>\n\n\n\n<p>L&#8217;arquitectura del lloc web es divideix en tres directoris diferents i est\u00e0 dissenyada per a informar i enamorar a l&#8217;internauta. Cal tenir en compte que la comunicaci\u00f3 del factor tecnol\u00f2gic \u00e9s fonamental per a conv\u00e8ncer a l&#8217;usuari de les altes prestacions del producte. Per aix\u00f2, tots els productes exposen detalladament les seves pr\u00f2pies caracter\u00edstiques i usos, aix\u00ed com les seves especificacions t\u00e8cniques totalment descrites.<\/p>\n\n\n\n<p>Aix\u00ed doncs, en aquest lloc de venda en l\u00ednia es presenten els auriculars d&#8217;\u00fas urb\u00e0, idonis per a l&#8217;\u00fas en transport p\u00fablic o en espais interiors; els auriculars esportius, creats per a compaginar a la perfecci\u00f3 l&#8217;audici\u00f3 de qualitat i la pr\u00e0ctica esportiva; i finalment, es presenta el <em>homer theater<\/em> per excel\u00b7l\u00e8ncia de JVC, l&#8217;Exofield, un home cinema d&#8217;\u00fas individual, que adapta les caracter\u00edstiques de l&#8217;o\u00efda de l&#8217;usuari a la millor audici\u00f3 mitjan\u00e7ant cascos.<\/p>\n\n\n\n<div class=\"wp-block-image\"><figure class=\"aligncenter size-large\"><img decoding=\"async\" src=\"https:\/\/advertis.es\/wp-content\/uploads\/2021\/11\/JVC3-1-1024x542.png\" alt=\"\" class=\"wp-image-12373\"\/><\/figure><\/div>\n\n\n\n<h2 class=\"wp-block-heading\">El v\u00eddeo, suport publicitari fonamental per a persuadir al client<\/h2>\n\n\n\n<p>A m\u00e9s de les habituals imatges del producte en alta definici\u00f3, aquest espai web de venda en l\u00ednia compta amb imatges de ficci\u00f3 que mostren l&#8217;impacte que rep l&#8217;usuari quan utilitza el producte. Especialment, <em><a href=\"https:\/\/shop.jvc.es\/home-theater-exofield-auriculares-inalambricos-xp-ext1\/\" target=\"_blank\" aria-label=\"undefined (abre en una nueva pesta\u00f1a)\" rel=\"noreferrer noopener\">Exofield<\/a>, <\/em>un sistema de so basat en una tecnologia de processament de camp de so de localitzaci\u00f3 (out-of-head), ofereix una experi\u00e8ncia auditiva en auriculars similar a estar escoltant m\u00fasica amb altaveus en una sala. A m\u00e9s, EXOFIELD compta amb una aplicaci\u00f3 per a personalitzar l&#8217;experi\u00e8ncia auditiva a trav\u00e9s d&#8217;uns micr\u00f2fons interns que mesuren i analitzen el pavell\u00f3 auditiu, amb la finalitat d&#8217;adaptar-se a cada estil d&#8217;audici\u00f3.<\/p>\n\n\n\n<h2 class=\"wp-block-heading\">Experi\u00e8ncia d&#8217;\u00fas m\u00f2bil d&#8217;alta qualitat<\/h2>\n\n\n\n<p>La botiga en l\u00ednia de JVC s&#8217;ha creat des de l&#8217;\u00f2ptica m\u00f2bil i els efectes din\u00e0mics aplicats es mostren d&#8217;una manera completament adaptada a totes les pantalles i navegadors. S&#8217;han utilitzat efectes de moviment i tocs de dits i mans per a mostrar com funciona la pujada i baixada de volum de l&#8217;auricular, per a posar alguns exemples. Aix\u00ed mateix, s&#8217;han incorporat diferents sistemes de pagament m\u00f2bil com Klarna, Apple Pay, Google Pay, a m\u00e9s de targetes banc\u00e0ries i Paypal.<\/p>\n\n\n\n<p>Com no pot ser d&#8217;una altra manera, en aquest espai web de venda en l\u00ednia de productes tecnol\u00f2gics no podia faltar un comparador de productes, un espai privat per al comprador i imatges en alta resoluci\u00f3 per a no perdre&#8217;s ni un detall de cada refer\u00e8ncia.<\/p>\n\n\n\n<p>Si t&#8217;interessa con\u00e8ixer <a href=\"https:\/\/advertis.es\/ca\/portfolio\/\">altres treballs de la nostra agencia<\/a>, fes clic.<\/p>\n","protected":false},"excerpt":{"rendered":"<p>Lectura 5&#8242;: Advertis ha desenvolupat l&#8217;espai web de venda en linia de la marca JVC (Japan Victor Company) per a la comercialitzaci\u00f3 d&#8217;auriculars sense fils d&#8217;alta tecnologia adre\u00e7ats al mercat de consum del nostre pa\u00eds.<\/p>\n","protected":false},"author":4,"featured_media":4465,"comment_status":"closed","ping_status":"closed","sticky":false,"template":"","format":"standard","meta":{"_acf_changed":false,"footnotes":""},"categories":[162,121,26],"tags":[58,135],"class_list":["post-5177","post","type-post","status-publish","format-standard","has-post-thumbnail","hentry","category-disseny-i-programacio-web-ca","category-comerc-electronic","category-ecommerce","tag-ecommerce","tag-venda-en-linia"],"acf":[],"yoast_head":"<!-- This site is optimized with the Yoast SEO plugin v24.2 - https:\/\/yoast.com\/wordpress\/plugins\/seo\/ -->\n<title>Espai de venda en l\u00ednia de JVC - Agencia ADVERTIS<\/title>\n<meta name=\"description\" content=\"Advertis ha desenvolupat l&#039;espai web de venda en linia de la marca JVC (Japan Victor Company) per a la comercialitzaci\u00f3 d&#039;auriculars sense fils\" \/>\n<meta name=\"robots\" content=\"index, follow, max-snippet:-1, max-image-preview:large, max-video-preview:-1\" \/>\n<link rel=\"canonical\" href=\"https:\/\/advertis.es\/ca\/espai-venda-en-linia-jvc\/\" \/>\n<meta property=\"og:locale\" content=\"ca_ES\" \/>\n<meta property=\"og:type\" content=\"article\" \/>\n<meta property=\"og:title\" content=\"Espai de venda en l\u00ednia de JVC - Agencia ADVERTIS\" \/>\n<meta property=\"og:description\" content=\"Advertis ha desenvolupat l&#039;espai web de venda en linia de la marca JVC (Japan Victor Company) per a la comercialitzaci\u00f3 d&#039;auriculars sense fils\" \/>\n<meta property=\"og:url\" content=\"https:\/\/advertis.es\/ca\/espai-venda-en-linia-jvc\/\" \/>\n<meta property=\"og:site_name\" content=\"Advertis\" \/>\n<meta property=\"article:publisher\" content=\"https:\/\/www.facebook.com\/advertispublicidad?ref=hl\" \/>\n<meta property=\"article:published_time\" content=\"2021-11-15T17:12:29+00:00\" \/>\n<meta property=\"article:modified_time\" content=\"2024-09-30T13:51:13+00:00\" \/>\n<meta property=\"og:image\" content=\"https:\/\/advertis.es\/wp-content\/uploads\/2021\/11\/JVC2.webp\" \/>\n\t<meta property=\"og:image:width\" content=\"1670\" \/>\n\t<meta property=\"og:image:height\" content=\"748\" \/>\n\t<meta property=\"og:image:type\" content=\"image\/webp\" \/>\n<meta name=\"author\" content=\"Xavier Folguera\" \/>\n<meta name=\"twitter:card\" content=\"summary_large_image\" \/>\n<meta name=\"twitter:creator\" content=\"@advertisglobal\" \/>\n<meta name=\"twitter:site\" content=\"@advertisglobal\" \/>\n<script type=\"application\/ld+json\" class=\"yoast-schema-graph\">{\"@context\":\"https:\/\/schema.org\",\"@graph\":[{\"@type\":\"Article\",\"@id\":\"https:\/\/advertis.es\/ca\/espai-venda-en-linia-jvc\/#article\",\"isPartOf\":{\"@id\":\"https:\/\/advertis.es\/ca\/espai-venda-en-linia-jvc\/\"},\"author\":{\"name\":\"Xavier Folguera\",\"@id\":\"https:\/\/advertis.es\/ca\/#\/schema\/person\/b97b1a1666479cb3925871aa53ed67fa\"},\"headline\":\"Nou espai web de venda en l\u00ednia per a JVC\",\"datePublished\":\"2021-11-15T17:12:29+00:00\",\"dateModified\":\"2024-09-30T13:51:13+00:00\",\"mainEntityOfPage\":{\"@id\":\"https:\/\/advertis.es\/ca\/espai-venda-en-linia-jvc\/\"},\"wordCount\":604,\"publisher\":{\"@id\":\"https:\/\/advertis.es\/ca\/#organization\"},\"image\":{\"@id\":\"https:\/\/advertis.es\/ca\/espai-venda-en-linia-jvc\/#primaryimage\"},\"thumbnailUrl\":\"https:\/\/advertis.es\/wp-content\/uploads\/2021\/11\/JVC2.webp\",\"keywords\":[\"ecommerce\",\"venda en linia\"],\"articleSection\":[\"Disseny i programaci\u00f3 web\",\"eCommerce\",\"eCommerce\"],\"inLanguage\":\"ca\"},{\"@type\":\"WebPage\",\"@id\":\"https:\/\/advertis.es\/ca\/espai-venda-en-linia-jvc\/\",\"url\":\"https:\/\/advertis.es\/ca\/espai-venda-en-linia-jvc\/\",\"name\":\"Espai de venda en l\u00ednia de JVC - Agencia ADVERTIS\",\"isPartOf\":{\"@id\":\"https:\/\/advertis.es\/ca\/#website\"},\"primaryImageOfPage\":{\"@id\":\"https:\/\/advertis.es\/ca\/espai-venda-en-linia-jvc\/#primaryimage\"},\"image\":{\"@id\":\"https:\/\/advertis.es\/ca\/espai-venda-en-linia-jvc\/#primaryimage\"},\"thumbnailUrl\":\"https:\/\/advertis.es\/wp-content\/uploads\/2021\/11\/JVC2.webp\",\"datePublished\":\"2021-11-15T17:12:29+00:00\",\"dateModified\":\"2024-09-30T13:51:13+00:00\",\"description\":\"Advertis ha desenvolupat l'espai web de venda en linia de la marca JVC (Japan Victor Company) per a la comercialitzaci\u00f3 d'auriculars sense fils\",\"breadcrumb\":{\"@id\":\"https:\/\/advertis.es\/ca\/espai-venda-en-linia-jvc\/#breadcrumb\"},\"inLanguage\":\"ca\",\"potentialAction\":[{\"@type\":\"ReadAction\",\"target\":[\"https:\/\/advertis.es\/ca\/espai-venda-en-linia-jvc\/\"]}]},{\"@type\":\"ImageObject\",\"inLanguage\":\"ca\",\"@id\":\"https:\/\/advertis.es\/ca\/espai-venda-en-linia-jvc\/#primaryimage\",\"url\":\"https:\/\/advertis.es\/wp-content\/uploads\/2021\/11\/JVC2.webp\",\"contentUrl\":\"https:\/\/advertis.es\/wp-content\/uploads\/2021\/11\/JVC2.webp\",\"width\":1670,\"height\":748},{\"@type\":\"BreadcrumbList\",\"@id\":\"https:\/\/advertis.es\/ca\/espai-venda-en-linia-jvc\/#breadcrumb\",\"itemListElement\":[{\"@type\":\"ListItem\",\"position\":1,\"name\":\"Portada\",\"item\":\"https:\/\/advertis.es\/ca\/\"},{\"@type\":\"ListItem\",\"position\":2,\"name\":\"Nou espai web de venda en l\u00ednia per a JVC\"}]},{\"@type\":\"WebSite\",\"@id\":\"https:\/\/advertis.es\/ca\/#website\",\"url\":\"https:\/\/advertis.es\/ca\/\",\"name\":\"Advertis\",\"description\":\"\",\"publisher\":{\"@id\":\"https:\/\/advertis.es\/ca\/#organization\"},\"potentialAction\":[{\"@type\":\"SearchAction\",\"target\":{\"@type\":\"EntryPoint\",\"urlTemplate\":\"https:\/\/advertis.es\/ca\/?s={search_term_string}\"},\"query-input\":{\"@type\":\"PropertyValueSpecification\",\"valueRequired\":true,\"valueName\":\"search_term_string\"}}],\"inLanguage\":\"ca\"},{\"@type\":\"Organization\",\"@id\":\"https:\/\/advertis.es\/ca\/#organization\",\"name\":\"Advertis Global SL\",\"alternateName\":\"Advertis\",\"url\":\"https:\/\/advertis.es\/ca\/\",\"logo\":{\"@type\":\"ImageObject\",\"inLanguage\":\"ca\",\"@id\":\"https:\/\/advertis.es\/ca\/#\/schema\/logo\/image\/\",\"url\":\"https:\/\/advertis.es\/wp-content\/uploads\/Group-9.svg\",\"contentUrl\":\"https:\/\/advertis.es\/wp-content\/uploads\/Group-9.svg\",\"width\":300,\"height\":44,\"caption\":\"Advertis Global SL\"},\"image\":{\"@id\":\"https:\/\/advertis.es\/ca\/#\/schema\/logo\/image\/\"},\"sameAs\":[\"https:\/\/www.facebook.com\/advertispublicidad?ref=hl\",\"https:\/\/x.com\/advertisglobal\",\"https:\/\/www.linkedin.com\/company\/advertis\"]},{\"@type\":\"Person\",\"@id\":\"https:\/\/advertis.es\/ca\/#\/schema\/person\/b97b1a1666479cb3925871aa53ed67fa\",\"name\":\"Xavier Folguera\"}]}<\/script>\n<!-- \/ Yoast SEO plugin. -->","yoast_head_json":{"title":"Espai de venda en l\u00ednia de JVC - Agencia ADVERTIS","description":"Advertis ha desenvolupat l'espai web de venda en linia de la marca JVC (Japan Victor Company) per a la comercialitzaci\u00f3 d'auriculars sense fils","robots":{"index":"index","follow":"follow","max-snippet":"max-snippet:-1","max-image-preview":"max-image-preview:large","max-video-preview":"max-video-preview:-1"},"canonical":"https:\/\/advertis.es\/ca\/espai-venda-en-linia-jvc\/","og_locale":"ca_ES","og_type":"article","og_title":"Espai de venda en l\u00ednia de JVC - Agencia ADVERTIS","og_description":"Advertis ha desenvolupat l'espai web de venda en linia de la marca JVC (Japan Victor Company) per a la comercialitzaci\u00f3 d'auriculars sense fils","og_url":"https:\/\/advertis.es\/ca\/espai-venda-en-linia-jvc\/","og_site_name":"Advertis","article_publisher":"https:\/\/www.facebook.com\/advertispublicidad?ref=hl","article_published_time":"2021-11-15T17:12:29+00:00","article_modified_time":"2024-09-30T13:51:13+00:00","og_image":[{"width":1670,"height":748,"url":"https:\/\/advertis.es\/wp-content\/uploads\/2021\/11\/JVC2.webp","type":"image\/webp"}],"author":"Xavier Folguera","twitter_card":"summary_large_image","twitter_creator":"@advertisglobal","twitter_site":"@advertisglobal","schema":{"@context":"https:\/\/schema.org","@graph":[{"@type":"Article","@id":"https:\/\/advertis.es\/ca\/espai-venda-en-linia-jvc\/#article","isPartOf":{"@id":"https:\/\/advertis.es\/ca\/espai-venda-en-linia-jvc\/"},"author":{"name":"Xavier Folguera","@id":"https:\/\/advertis.es\/ca\/#\/schema\/person\/b97b1a1666479cb3925871aa53ed67fa"},"headline":"Nou espai web de venda en l\u00ednia per a JVC","datePublished":"2021-11-15T17:12:29+00:00","dateModified":"2024-09-30T13:51:13+00:00","mainEntityOfPage":{"@id":"https:\/\/advertis.es\/ca\/espai-venda-en-linia-jvc\/"},"wordCount":604,"publisher":{"@id":"https:\/\/advertis.es\/ca\/#organization"},"image":{"@id":"https:\/\/advertis.es\/ca\/espai-venda-en-linia-jvc\/#primaryimage"},"thumbnailUrl":"https:\/\/advertis.es\/wp-content\/uploads\/2021\/11\/JVC2.webp","keywords":["ecommerce","venda en linia"],"articleSection":["Disseny i programaci\u00f3 web","eCommerce","eCommerce"],"inLanguage":"ca"},{"@type":"WebPage","@id":"https:\/\/advertis.es\/ca\/espai-venda-en-linia-jvc\/","url":"https:\/\/advertis.es\/ca\/espai-venda-en-linia-jvc\/","name":"Espai de venda en l\u00ednia de JVC - Agencia ADVERTIS","isPartOf":{"@id":"https:\/\/advertis.es\/ca\/#website"},"primaryImageOfPage":{"@id":"https:\/\/advertis.es\/ca\/espai-venda-en-linia-jvc\/#primaryimage"},"image":{"@id":"https:\/\/advertis.es\/ca\/espai-venda-en-linia-jvc\/#primaryimage"},"thumbnailUrl":"https:\/\/advertis.es\/wp-content\/uploads\/2021\/11\/JVC2.webp","datePublished":"2021-11-15T17:12:29+00:00","dateModified":"2024-09-30T13:51:13+00:00","description":"Advertis ha desenvolupat l'espai web de venda en linia de la marca JVC (Japan Victor Company) per a la comercialitzaci\u00f3 d'auriculars sense fils","breadcrumb":{"@id":"https:\/\/advertis.es\/ca\/espai-venda-en-linia-jvc\/#breadcrumb"},"inLanguage":"ca","potentialAction":[{"@type":"ReadAction","target":["https:\/\/advertis.es\/ca\/espai-venda-en-linia-jvc\/"]}]},{"@type":"ImageObject","inLanguage":"ca","@id":"https:\/\/advertis.es\/ca\/espai-venda-en-linia-jvc\/#primaryimage","url":"https:\/\/advertis.es\/wp-content\/uploads\/2021\/11\/JVC2.webp","contentUrl":"https:\/\/advertis.es\/wp-content\/uploads\/2021\/11\/JVC2.webp","width":1670,"height":748},{"@type":"BreadcrumbList","@id":"https:\/\/advertis.es\/ca\/espai-venda-en-linia-jvc\/#breadcrumb","itemListElement":[{"@type":"ListItem","position":1,"name":"Portada","item":"https:\/\/advertis.es\/ca\/"},{"@type":"ListItem","position":2,"name":"Nou espai web de venda en l\u00ednia per a JVC"}]},{"@type":"WebSite","@id":"https:\/\/advertis.es\/ca\/#website","url":"https:\/\/advertis.es\/ca\/","name":"Advertis","description":"","publisher":{"@id":"https:\/\/advertis.es\/ca\/#organization"},"potentialAction":[{"@type":"SearchAction","target":{"@type":"EntryPoint","urlTemplate":"https:\/\/advertis.es\/ca\/?s={search_term_string}"},"query-input":{"@type":"PropertyValueSpecification","valueRequired":true,"valueName":"search_term_string"}}],"inLanguage":"ca"},{"@type":"Organization","@id":"https:\/\/advertis.es\/ca\/#organization","name":"Advertis Global SL","alternateName":"Advertis","url":"https:\/\/advertis.es\/ca\/","logo":{"@type":"ImageObject","inLanguage":"ca","@id":"https:\/\/advertis.es\/ca\/#\/schema\/logo\/image\/","url":"https:\/\/advertis.es\/wp-content\/uploads\/Group-9.svg","contentUrl":"https:\/\/advertis.es\/wp-content\/uploads\/Group-9.svg","width":300,"height":44,"caption":"Advertis Global SL"},"image":{"@id":"https:\/\/advertis.es\/ca\/#\/schema\/logo\/image\/"},"sameAs":["https:\/\/www.facebook.com\/advertispublicidad?ref=hl","https:\/\/x.com\/advertisglobal","https:\/\/www.linkedin.com\/company\/advertis"]},{"@type":"Person","@id":"https:\/\/advertis.es\/ca\/#\/schema\/person\/b97b1a1666479cb3925871aa53ed67fa","name":"Xavier Folguera"}]}},"_links":{"self":[{"href":"https:\/\/advertis.es\/ca\/wp-json\/wp\/v2\/posts\/5177","targetHints":{"allow":["GET"]}}],"collection":[{"href":"https:\/\/advertis.es\/ca\/wp-json\/wp\/v2\/posts"}],"about":[{"href":"https:\/\/advertis.es\/ca\/wp-json\/wp\/v2\/types\/post"}],"author":[{"embeddable":true,"href":"https:\/\/advertis.es\/ca\/wp-json\/wp\/v2\/users\/4"}],"replies":[{"embeddable":true,"href":"https:\/\/advertis.es\/ca\/wp-json\/wp\/v2\/comments?post=5177"}],"version-history":[{"count":1,"href":"https:\/\/advertis.es\/ca\/wp-json\/wp\/v2\/posts\/5177\/revisions"}],"predecessor-version":[{"id":5710,"href":"https:\/\/advertis.es\/ca\/wp-json\/wp\/v2\/posts\/5177\/revisions\/5710"}],"wp:featuredmedia":[{"embeddable":true,"href":"https:\/\/advertis.es\/ca\/wp-json\/wp\/v2\/media\/4465"}],"wp:attachment":[{"href":"https:\/\/advertis.es\/ca\/wp-json\/wp\/v2\/media?parent=5177"}],"wp:term":[{"taxonomy":"category","embeddable":true,"href":"https:\/\/advertis.es\/ca\/wp-json\/wp\/v2\/categories?post=5177"},{"taxonomy":"post_tag","embeddable":true,"href":"https:\/\/advertis.es\/ca\/wp-json\/wp\/v2\/tags?post=5177"}],"curies":[{"name":"wp","href":"https:\/\/api.w.org\/{rel}","templated":true}]}}