{"id":5164,"date":"2022-07-15T14:51:58","date_gmt":"2022-07-15T14:51:58","guid":{"rendered":"https:\/\/nuevawebadv.advertis.es\/?p=14974"},"modified":"2022-07-19T08:32:52","modified_gmt":"2022-07-19T08:32:52","slug":"campanya-publicitaria-amb-influencers-per-a-tollens","status":"publish","type":"post","link":"https:\/\/advertis.es\/ca\/campanya-publicitaria-amb-influencers-per-a-tollens\/","title":{"rendered":"Acci\u00f3 amb influencers per a Tollens"},"content":{"rendered":"\n<p>Les marques de gran consum, sigui quin sigui el seu segment del mercat, tenen a les xarxes socials i els influencers, uns aliats imprescindibles en les seves estrat\u00e8gies de comunicaci\u00f3. Amb el pas dels anys, el naixement i la consolidaci\u00f3 de certes xarxes socials, ha transformat el panorama publicitari fins a tal punt, que qualsevol marca pot construir el seu propi grup d&#8217; ambaixadors, amb els quals mostrar-se i conv\u00e8ncer els seus clients.<\/p>\n\n\n\n<p>Aquest \u00e9s el cas exit\u00f3s de la marca de pintures Tollens, que ha impulsat amb la col\u00b7laboraci\u00f3 d&#8217;Advertis, una campanya de difusi\u00f3 de la seva gamma d&#8217;alta qualitat Paint &amp; Go, una pintura monocapa amb altes prestacions en la decoraci\u00f3 d&#8217;interiors.<\/p>\n\n\n\n<figure class=\"wp-block-image size-full\"><a href=\"https:\/\/www.instagram.com\/reel\/CdGt-9oK9aj\/\" target=\"_blank\" rel=\"noopener\"><img decoding=\"async\" src=\"https:\/\/advertis.es\/wp-content\/uploads\/2022\/07\/estelamaca1-1024x784-1.png\" alt=\"estelamaca-tollens\" class=\"wp-image-15005\"\/><\/a><\/figure>\n\n\n\n<h2 class=\"wp-block-heading\">Estrat\u00e8gia multi-influencer amb estils diferents<\/h2>\n\n\n\n<p>Tot i que la gamma difosa a la xarxa \u00e9s la mateixa, l&#8217; estrat\u00e8gia seguida en aquesta ocasi\u00f3 va ser comptar amb la participaci\u00f3 de diferents perfils d&#8217; influencers, els quals havien d&#8217; aplicar els seus propis criteris de creaci\u00f3 i difusi\u00f3 dels continguts. Tots ells van ser escollits a la xarxa social d&#8217;Instagram, amb l&#8217;objectiu de creaci\u00f3 de continguts din\u00e0mics, alguns amb locuci\u00f3 i d&#8217;altres, amb una exposici\u00f3 din\u00e0mica de l&#8217;aplicaci\u00f3 del producte.<\/p>\n\n\n\n<figure class=\"wp-block-image size-full\"><a href=\"https:\/\/www.instagram.com\/reel\/CdBAd-DoOA4\/\" target=\"_blank\" rel=\"noopener\"><img decoding=\"async\" src=\"https:\/\/advertis.es\/wp-content\/uploads\/2022\/07\/Captura-de-pantalla-2022-07-18-a-las-15.09.19.png\" alt=\"decoranur-tollens\" class=\"wp-image-14978\"\/><\/a><\/figure>\n\n\n\n<h2 class=\"wp-block-heading\">Microinfluencers del sector de la decoraci\u00f3 i del <em>doityourself<\/em><\/h2>\n\n\n\n<p>Aquesta campanya va comptar amb la col\u00b7laboraci\u00f3 de <a href=\"https:\/\/www.instagram.com\/restauraencasa\/\">Restauraencasa<\/a> (43K seguidors), <a href=\"https:\/\/www.instagram.com\/decoranur\/\">Decoranur<\/a> (27K) i <a href=\"https:\/\/www.instagram.com\/estelamaca\/\">Estelamaca<\/a> (56K), amb un total de m\u00e9s de cent mil seguidors, que van publicar diferents continguts en format Reels. El seu p\u00fablic conforma un target d&#8217;entusiastes i interessats en la decoraci\u00f3, amb un perfil d&#8217;auto-aplicaci\u00f3 de producte.<\/p>\n\n\n\n<figure class=\"wp-block-image size-large\"><a href=\"https:\/\/www.instagram.com\/reel\/Cdgb8HSKP3u\/\" target=\"_blank\" rel=\"noopener\"><img decoding=\"async\" src=\"https:\/\/advertis.es\/wp-content\/uploads\/2022\/07\/restauraencasa_1-1024x790.png\" alt=\"restauraencasa-tollens\" class=\"wp-image-14926\"\/><\/a><\/figure>\n\n\n\n<h2 class=\"wp-block-heading\">Impacte de la campanya en el mercat<\/h2>\n\n\n\n<p>Els resultats de la campanya, les xifres de la qual continuen en augment, han assolit un alt impacte, amb un total fins al moment de 204K visualitzacions, 6.560 likes i 705 comentaris.<\/p>\n","protected":false},"excerpt":{"rendered":"<p>Les marques de gran consum, sigui quin sigui el seu segment del mercat, tenen a les xarxes socials i els influencers, uns aliats imprescindibles en les seves estrat\u00e8gies de comunicaci\u00f3. Amb el pas dels anys, el naixement i la consolidaci\u00f3 de certes xarxes socials, ha transformat el panorama publicitari<\/p>\n","protected":false},"author":4,"featured_media":4322,"comment_status":"closed","ping_status":"closed","sticky":false,"template":"","format":"standard","meta":{"_acf_changed":false,"footnotes":""},"categories":[27,158,117],"tags":[46,128,155],"class_list":["post-5164","post","type-post","status-publish","format-standard","has-post-thumbnail","hentry","category-campana-digital","category-campanyes-i-treballs","category-xarxes-socials-i-blogs","tag-marcas","tag-marcas-ca","tag-marques"],"acf":[],"yoast_head":"<!-- This site is optimized with the Yoast SEO plugin v24.2 - https:\/\/yoast.com\/wordpress\/plugins\/seo\/ -->\n<title>Acci\u00f3 amb influencers per a Tollens | ADVERTIS Agencia Digital<\/title>\n<meta name=\"description\" content=\"Acci\u00f3 amb influencers per a la marca de pintures Tollens. Advertis ha gestionat una activitat de difusi\u00f3 online a Instagram.\" \/>\n<meta name=\"robots\" content=\"index, follow, max-snippet:-1, max-image-preview:large, max-video-preview:-1\" \/>\n<link rel=\"canonical\" href=\"https:\/\/advertis.es\/ca\/campanya-publicitaria-amb-influencers-per-a-tollens\/\" \/>\n<meta property=\"og:locale\" content=\"ca_ES\" \/>\n<meta property=\"og:type\" content=\"article\" \/>\n<meta property=\"og:title\" content=\"Acci\u00f3 amb influencers per a Tollens | ADVERTIS Agencia Digital\" \/>\n<meta property=\"og:description\" content=\"Acci\u00f3 amb influencers per a la marca de pintures Tollens. Advertis ha gestionat una activitat de difusi\u00f3 online a Instagram.\" \/>\n<meta property=\"og:url\" content=\"https:\/\/advertis.es\/ca\/campanya-publicitaria-amb-influencers-per-a-tollens\/\" \/>\n<meta property=\"og:site_name\" content=\"Advertis\" \/>\n<meta property=\"article:publisher\" content=\"https:\/\/www.facebook.com\/advertispublicidad?ref=hl\" \/>\n<meta property=\"article:published_time\" content=\"2022-07-15T14:51:58+00:00\" \/>\n<meta property=\"article:modified_time\" content=\"2022-07-19T08:32:52+00:00\" \/>\n<meta property=\"og:image\" content=\"https:\/\/advertis.es\/wp-content\/uploads\/2022\/07\/Tollens_post-e1657889929711.webp\" \/>\n\t<meta property=\"og:image:width\" content=\"800\" \/>\n\t<meta property=\"og:image:height\" content=\"569\" \/>\n\t<meta property=\"og:image:type\" content=\"image\/webp\" \/>\n<meta name=\"author\" content=\"Xavier Folguera\" \/>\n<meta name=\"twitter:card\" content=\"summary_large_image\" \/>\n<meta name=\"twitter:creator\" content=\"@advertisglobal\" \/>\n<meta name=\"twitter:site\" content=\"@advertisglobal\" \/>\n<script type=\"application\/ld+json\" class=\"yoast-schema-graph\">{\"@context\":\"https:\/\/schema.org\",\"@graph\":[{\"@type\":\"Article\",\"@id\":\"https:\/\/advertis.es\/ca\/campanya-publicitaria-amb-influencers-per-a-tollens\/#article\",\"isPartOf\":{\"@id\":\"https:\/\/advertis.es\/ca\/campanya-publicitaria-amb-influencers-per-a-tollens\/\"},\"author\":{\"name\":\"Xavier Folguera\",\"@id\":\"https:\/\/advertis.es\/ca\/#\/schema\/person\/b97b1a1666479cb3925871aa53ed67fa\"},\"headline\":\"Acci\u00f3 amb influencers per a Tollens\",\"datePublished\":\"2022-07-15T14:51:58+00:00\",\"dateModified\":\"2022-07-19T08:32:52+00:00\",\"mainEntityOfPage\":{\"@id\":\"https:\/\/advertis.es\/ca\/campanya-publicitaria-amb-influencers-per-a-tollens\/\"},\"wordCount\":316,\"publisher\":{\"@id\":\"https:\/\/advertis.es\/ca\/#organization\"},\"image\":{\"@id\":\"https:\/\/advertis.es\/ca\/campanya-publicitaria-amb-influencers-per-a-tollens\/#primaryimage\"},\"thumbnailUrl\":\"https:\/\/advertis.es\/wp-content\/uploads\/2022\/07\/Tollens_post-e1657889929711.webp\",\"keywords\":[\"marcas\",\"marcas\",\"marques\"],\"articleSection\":[\"Campa\u00f1as y Trabajos\",\"Campanyes i Treballs\",\"Xarxes Socials i Blogs\"],\"inLanguage\":\"ca\"},{\"@type\":\"WebPage\",\"@id\":\"https:\/\/advertis.es\/ca\/campanya-publicitaria-amb-influencers-per-a-tollens\/\",\"url\":\"https:\/\/advertis.es\/ca\/campanya-publicitaria-amb-influencers-per-a-tollens\/\",\"name\":\"Acci\u00f3 amb influencers per a Tollens | ADVERTIS Agencia Digital\",\"isPartOf\":{\"@id\":\"https:\/\/advertis.es\/ca\/#website\"},\"primaryImageOfPage\":{\"@id\":\"https:\/\/advertis.es\/ca\/campanya-publicitaria-amb-influencers-per-a-tollens\/#primaryimage\"},\"image\":{\"@id\":\"https:\/\/advertis.es\/ca\/campanya-publicitaria-amb-influencers-per-a-tollens\/#primaryimage\"},\"thumbnailUrl\":\"https:\/\/advertis.es\/wp-content\/uploads\/2022\/07\/Tollens_post-e1657889929711.webp\",\"datePublished\":\"2022-07-15T14:51:58+00:00\",\"dateModified\":\"2022-07-19T08:32:52+00:00\",\"description\":\"Acci\u00f3 amb influencers per a la marca de pintures Tollens. Advertis ha gestionat una activitat de difusi\u00f3 online a Instagram.\",\"breadcrumb\":{\"@id\":\"https:\/\/advertis.es\/ca\/campanya-publicitaria-amb-influencers-per-a-tollens\/#breadcrumb\"},\"inLanguage\":\"ca\",\"potentialAction\":[{\"@type\":\"ReadAction\",\"target\":[\"https:\/\/advertis.es\/ca\/campanya-publicitaria-amb-influencers-per-a-tollens\/\"]}]},{\"@type\":\"ImageObject\",\"inLanguage\":\"ca\",\"@id\":\"https:\/\/advertis.es\/ca\/campanya-publicitaria-amb-influencers-per-a-tollens\/#primaryimage\",\"url\":\"https:\/\/advertis.es\/wp-content\/uploads\/2022\/07\/Tollens_post-e1657889929711.webp\",\"contentUrl\":\"https:\/\/advertis.es\/wp-content\/uploads\/2022\/07\/Tollens_post-e1657889929711.webp\",\"width\":800,\"height\":569},{\"@type\":\"BreadcrumbList\",\"@id\":\"https:\/\/advertis.es\/ca\/campanya-publicitaria-amb-influencers-per-a-tollens\/#breadcrumb\",\"itemListElement\":[{\"@type\":\"ListItem\",\"position\":1,\"name\":\"Portada\",\"item\":\"https:\/\/advertis.es\/ca\/\"},{\"@type\":\"ListItem\",\"position\":2,\"name\":\"Acci\u00f3 amb influencers per a Tollens\"}]},{\"@type\":\"WebSite\",\"@id\":\"https:\/\/advertis.es\/ca\/#website\",\"url\":\"https:\/\/advertis.es\/ca\/\",\"name\":\"Advertis\",\"description\":\"\",\"publisher\":{\"@id\":\"https:\/\/advertis.es\/ca\/#organization\"},\"potentialAction\":[{\"@type\":\"SearchAction\",\"target\":{\"@type\":\"EntryPoint\",\"urlTemplate\":\"https:\/\/advertis.es\/ca\/?s={search_term_string}\"},\"query-input\":{\"@type\":\"PropertyValueSpecification\",\"valueRequired\":true,\"valueName\":\"search_term_string\"}}],\"inLanguage\":\"ca\"},{\"@type\":\"Organization\",\"@id\":\"https:\/\/advertis.es\/ca\/#organization\",\"name\":\"Advertis Global SL\",\"alternateName\":\"Advertis\",\"url\":\"https:\/\/advertis.es\/ca\/\",\"logo\":{\"@type\":\"ImageObject\",\"inLanguage\":\"ca\",\"@id\":\"https:\/\/advertis.es\/ca\/#\/schema\/logo\/image\/\",\"url\":\"https:\/\/advertis.es\/wp-content\/uploads\/Group-9.svg\",\"contentUrl\":\"https:\/\/advertis.es\/wp-content\/uploads\/Group-9.svg\",\"width\":300,\"height\":44,\"caption\":\"Advertis Global SL\"},\"image\":{\"@id\":\"https:\/\/advertis.es\/ca\/#\/schema\/logo\/image\/\"},\"sameAs\":[\"https:\/\/www.facebook.com\/advertispublicidad?ref=hl\",\"https:\/\/x.com\/advertisglobal\",\"https:\/\/www.linkedin.com\/company\/advertis\"]},{\"@type\":\"Person\",\"@id\":\"https:\/\/advertis.es\/ca\/#\/schema\/person\/b97b1a1666479cb3925871aa53ed67fa\",\"name\":\"Xavier Folguera\"}]}<\/script>\n<!-- \/ Yoast SEO plugin. -->","yoast_head_json":{"title":"Acci\u00f3 amb influencers per a Tollens | ADVERTIS Agencia Digital","description":"Acci\u00f3 amb influencers per a la marca de pintures Tollens. Advertis ha gestionat una activitat de difusi\u00f3 online a Instagram.","robots":{"index":"index","follow":"follow","max-snippet":"max-snippet:-1","max-image-preview":"max-image-preview:large","max-video-preview":"max-video-preview:-1"},"canonical":"https:\/\/advertis.es\/ca\/campanya-publicitaria-amb-influencers-per-a-tollens\/","og_locale":"ca_ES","og_type":"article","og_title":"Acci\u00f3 amb influencers per a Tollens | ADVERTIS Agencia Digital","og_description":"Acci\u00f3 amb influencers per a la marca de pintures Tollens. Advertis ha gestionat una activitat de difusi\u00f3 online a Instagram.","og_url":"https:\/\/advertis.es\/ca\/campanya-publicitaria-amb-influencers-per-a-tollens\/","og_site_name":"Advertis","article_publisher":"https:\/\/www.facebook.com\/advertispublicidad?ref=hl","article_published_time":"2022-07-15T14:51:58+00:00","article_modified_time":"2022-07-19T08:32:52+00:00","og_image":[{"width":800,"height":569,"url":"https:\/\/advertis.es\/wp-content\/uploads\/2022\/07\/Tollens_post-e1657889929711.webp","type":"image\/webp"}],"author":"Xavier Folguera","twitter_card":"summary_large_image","twitter_creator":"@advertisglobal","twitter_site":"@advertisglobal","schema":{"@context":"https:\/\/schema.org","@graph":[{"@type":"Article","@id":"https:\/\/advertis.es\/ca\/campanya-publicitaria-amb-influencers-per-a-tollens\/#article","isPartOf":{"@id":"https:\/\/advertis.es\/ca\/campanya-publicitaria-amb-influencers-per-a-tollens\/"},"author":{"name":"Xavier Folguera","@id":"https:\/\/advertis.es\/ca\/#\/schema\/person\/b97b1a1666479cb3925871aa53ed67fa"},"headline":"Acci\u00f3 amb influencers per a Tollens","datePublished":"2022-07-15T14:51:58+00:00","dateModified":"2022-07-19T08:32:52+00:00","mainEntityOfPage":{"@id":"https:\/\/advertis.es\/ca\/campanya-publicitaria-amb-influencers-per-a-tollens\/"},"wordCount":316,"publisher":{"@id":"https:\/\/advertis.es\/ca\/#organization"},"image":{"@id":"https:\/\/advertis.es\/ca\/campanya-publicitaria-amb-influencers-per-a-tollens\/#primaryimage"},"thumbnailUrl":"https:\/\/advertis.es\/wp-content\/uploads\/2022\/07\/Tollens_post-e1657889929711.webp","keywords":["marcas","marcas","marques"],"articleSection":["Campa\u00f1as y Trabajos","Campanyes i Treballs","Xarxes Socials i Blogs"],"inLanguage":"ca"},{"@type":"WebPage","@id":"https:\/\/advertis.es\/ca\/campanya-publicitaria-amb-influencers-per-a-tollens\/","url":"https:\/\/advertis.es\/ca\/campanya-publicitaria-amb-influencers-per-a-tollens\/","name":"Acci\u00f3 amb influencers per a Tollens | ADVERTIS Agencia Digital","isPartOf":{"@id":"https:\/\/advertis.es\/ca\/#website"},"primaryImageOfPage":{"@id":"https:\/\/advertis.es\/ca\/campanya-publicitaria-amb-influencers-per-a-tollens\/#primaryimage"},"image":{"@id":"https:\/\/advertis.es\/ca\/campanya-publicitaria-amb-influencers-per-a-tollens\/#primaryimage"},"thumbnailUrl":"https:\/\/advertis.es\/wp-content\/uploads\/2022\/07\/Tollens_post-e1657889929711.webp","datePublished":"2022-07-15T14:51:58+00:00","dateModified":"2022-07-19T08:32:52+00:00","description":"Acci\u00f3 amb influencers per a la marca de pintures Tollens. Advertis ha gestionat una activitat de difusi\u00f3 online a Instagram.","breadcrumb":{"@id":"https:\/\/advertis.es\/ca\/campanya-publicitaria-amb-influencers-per-a-tollens\/#breadcrumb"},"inLanguage":"ca","potentialAction":[{"@type":"ReadAction","target":["https:\/\/advertis.es\/ca\/campanya-publicitaria-amb-influencers-per-a-tollens\/"]}]},{"@type":"ImageObject","inLanguage":"ca","@id":"https:\/\/advertis.es\/ca\/campanya-publicitaria-amb-influencers-per-a-tollens\/#primaryimage","url":"https:\/\/advertis.es\/wp-content\/uploads\/2022\/07\/Tollens_post-e1657889929711.webp","contentUrl":"https:\/\/advertis.es\/wp-content\/uploads\/2022\/07\/Tollens_post-e1657889929711.webp","width":800,"height":569},{"@type":"BreadcrumbList","@id":"https:\/\/advertis.es\/ca\/campanya-publicitaria-amb-influencers-per-a-tollens\/#breadcrumb","itemListElement":[{"@type":"ListItem","position":1,"name":"Portada","item":"https:\/\/advertis.es\/ca\/"},{"@type":"ListItem","position":2,"name":"Acci\u00f3 amb influencers per a Tollens"}]},{"@type":"WebSite","@id":"https:\/\/advertis.es\/ca\/#website","url":"https:\/\/advertis.es\/ca\/","name":"Advertis","description":"","publisher":{"@id":"https:\/\/advertis.es\/ca\/#organization"},"potentialAction":[{"@type":"SearchAction","target":{"@type":"EntryPoint","urlTemplate":"https:\/\/advertis.es\/ca\/?s={search_term_string}"},"query-input":{"@type":"PropertyValueSpecification","valueRequired":true,"valueName":"search_term_string"}}],"inLanguage":"ca"},{"@type":"Organization","@id":"https:\/\/advertis.es\/ca\/#organization","name":"Advertis Global SL","alternateName":"Advertis","url":"https:\/\/advertis.es\/ca\/","logo":{"@type":"ImageObject","inLanguage":"ca","@id":"https:\/\/advertis.es\/ca\/#\/schema\/logo\/image\/","url":"https:\/\/advertis.es\/wp-content\/uploads\/Group-9.svg","contentUrl":"https:\/\/advertis.es\/wp-content\/uploads\/Group-9.svg","width":300,"height":44,"caption":"Advertis Global SL"},"image":{"@id":"https:\/\/advertis.es\/ca\/#\/schema\/logo\/image\/"},"sameAs":["https:\/\/www.facebook.com\/advertispublicidad?ref=hl","https:\/\/x.com\/advertisglobal","https:\/\/www.linkedin.com\/company\/advertis"]},{"@type":"Person","@id":"https:\/\/advertis.es\/ca\/#\/schema\/person\/b97b1a1666479cb3925871aa53ed67fa","name":"Xavier Folguera"}]}},"_links":{"self":[{"href":"https:\/\/advertis.es\/ca\/wp-json\/wp\/v2\/posts\/5164","targetHints":{"allow":["GET"]}}],"collection":[{"href":"https:\/\/advertis.es\/ca\/wp-json\/wp\/v2\/posts"}],"about":[{"href":"https:\/\/advertis.es\/ca\/wp-json\/wp\/v2\/types\/post"}],"author":[{"embeddable":true,"href":"https:\/\/advertis.es\/ca\/wp-json\/wp\/v2\/users\/4"}],"replies":[{"embeddable":true,"href":"https:\/\/advertis.es\/ca\/wp-json\/wp\/v2\/comments?post=5164"}],"version-history":[{"count":0,"href":"https:\/\/advertis.es\/ca\/wp-json\/wp\/v2\/posts\/5164\/revisions"}],"wp:featuredmedia":[{"embeddable":true,"href":"https:\/\/advertis.es\/ca\/wp-json\/wp\/v2\/media\/4322"}],"wp:attachment":[{"href":"https:\/\/advertis.es\/ca\/wp-json\/wp\/v2\/media?parent=5164"}],"wp:term":[{"taxonomy":"category","embeddable":true,"href":"https:\/\/advertis.es\/ca\/wp-json\/wp\/v2\/categories?post=5164"},{"taxonomy":"post_tag","embeddable":true,"href":"https:\/\/advertis.es\/ca\/wp-json\/wp\/v2\/tags?post=5164"}],"curies":[{"name":"wp","href":"https:\/\/api.w.org\/{rel}","templated":true}]}}