{"id":5127,"date":"2024-07-29T15:10:21","date_gmt":"2024-07-29T15:10:21","guid":{"rendered":"https:\/\/nuevawebadv.advertis.es\/?p=21876"},"modified":"2024-09-30T13:41:36","modified_gmt":"2024-09-30T13:41:36","slug":"kit-consulting-vendes-digitals-i-dades-amb-ia","status":"publish","type":"post","link":"https:\/\/advertis.es\/ca\/kit-consulting-vendes-digitals-i-dades-amb-ia\/","title":{"rendered":"Kit Consulting: Vendes Digitals i Dades amb IA"},"content":{"rendered":"\n<p>El Kit Consulting \u00e9s una oportunitat \u00fanica perqu\u00e8 les empreses millorin les seves <strong>vendes digitals<\/strong> i optimitzin l&#8217;\u00fas <strong> de dades<\/strong> mitjan\u00e7ant un enfocament estrat\u00e8gic i personalitzat amb IA. Amb el suport d&#8217;eines d&#8217;Intel\u00b7lig\u00e8ncia Artificial (IA), aquest programa subvencionat facilita l&#8217;adopci\u00f3 de tecnologies avan\u00e7ades, assegurant un creixement sostenible i competitiu en el mercat actual.<\/p>\n\n\n\n<h2 class=\"wp-block-heading\"><strong>Qu\u00e8 \u00e9s el Kit Consulting?<\/strong><\/h2>\n\n\n\n<p>El <a href=\"https:\/\/www.acelerapyme.es\/ca\/prueba-landing-kit-consulting\" target=\"_blank\" rel=\"noreferrer noopener\">Kit Consulting<\/a> \u00e9s un pla d&#8217;ajudes dels fons europeus <em>Next Generation EU<\/em> del Pla <em> de Recuperaci\u00f3, Transformaci\u00f3 i Resili\u00e8ncia<\/em> del Govern espanyol. Est\u00e0 dirigit a empreses amb plantilles d&#8217;entre <strong>10 i 249 empleats<\/strong>, oferint-los l&#8217;oportunitat de beneficiar-se de <strong>subvencions de 12.000\u20ac fins a 24.00\u20ac<\/strong>.<\/p>\n\n\n\n<p>Amb aquestes ajudes, les empreses poden gaudir de molts serveis de consultoria especialitzada, entre altres, l&#8217;assessorament en <strong>vendes digitals<\/strong> i el desenvolupament d&#8217;un nou <strong>pla d&#8217;an\u00e0lisi de dades de m\u00e0rqueting<\/strong> mitjan\u00e7ant l&#8217;\u00fas d&#8217;eines d&#8217;IA.<\/p>\n\n\n\n<h2 class=\"wp-block-heading\"><strong>Qu\u00e8 pret\u00e9n el Kit Consulting?<\/strong><\/h2>\n\n\n\n<p>L&#8217;objectiu final del Kit Consulting \u00e9s l&#8217;adopci\u00f3 <strong>d&#8217;eines d&#8217;intel\u00b7lig\u00e8ncia artificial<\/strong> per a la millora dels resultats de les empreses. Amb elles, els resultats en la gesti\u00f3 i la venda de productes poden incrementar-se exponencialment.<\/p>\n\n\n\n<p>Aix\u00f2 \u00e9s aix\u00ed perqu\u00e8 la IA es basa en l&#8217;autoaprenentatge i l&#8217;entrenament continu en molts dels \u00e0mbits de l&#8217;empresa, la qual cosa elimina processos repetitius que no aporten valor o simplement s\u00f3n insostenibles o infructuosos en les organitzacions.<\/p>\n\n\n\n<h2 class=\"wp-block-heading\"><strong>Qu\u00e8 pot aportar el Kit Consulting en les vendes digitals espec\u00edficament?<\/strong><\/h2>\n\n\n\n<p>La venda per Internet \u00e9s dif\u00edcil. No ens enganyem. \u00c9s un canal de distribuci\u00f3 amb un alt nivell de complexitat i \u00e9s complicat gestionar aquest nou canal si realment ens preocupa el rendiment de l&#8217;eCommerce. Obrir una botiga en l\u00ednia \u00e9s f\u00e0cil. Que funcioni, no.<\/p>\n\n\n\n<p>Quan l&#8217;Administraci\u00f3 va decidir obrir aquest paquet d&#8217;ajudes enfocades en la venda per Internet, molt probablement t\u00e8nia const\u00e0ncia de la pressi\u00f3 exercida i monopol\u00edstica dels grans actors de venda online, com per ex. Amazon o Rakuten les organitzacions del qual compten amb una fortalesa sense igual, sobre les petites i mitjanes empreses. S&#8217;havia d&#8217;aprofitar el naixement de les noves eines de la intel\u00b7lig\u00e8ncia artificial, sovint de baix cost i assequibles, perqu\u00e8 les empreses poguessin competir. D&#8217;aqu\u00ed ve que s&#8217;havia de donar un impuls al coneixement i a l&#8217;estimulaci\u00f3 dels professionals.<\/p>\n\n\n\n<h2 class=\"wp-block-heading\"><strong>Qu\u00e8 est\u00e0 succeint en el mercat de la IA?<\/strong><\/h2>\n\n\n\n<p>La intel\u00b7lig\u00e8ncia artificial generativa aplicada a les vendes digitals ja \u00e9s molt rellevant. L&#8217;oferta d&#8217;IA s&#8217;est\u00e0 multiplicant per moments i avui presenta un perfil que ser\u00e0 molt diferent en poc temps.<\/p>\n\n\n\n<p>Existeixen eines de IA per al control i gesti\u00f3 de preus, per a la creaci\u00f3 de continguts, per al monitoratge dels resultats, per a l&#8217;optimitzaci\u00f3 en cercadors, etc, etc,\u2026 i en poc temps, per a tot el que ens puguem imaginar.<\/p>\n\n\n\n<p>La IA ser\u00e0 en poc temps d&#8217;\u00fas imprescindible per\u00f2 l&#8217;\u00e8xit de cadasc\u00fa no dependr\u00e0 d&#8217;ella, sin\u00f3 <strong>els criteris que apliquem<\/strong>. Aqu\u00ed \u00e9s on la ment humana encara \u00e9s imprescindible.<\/p>\n\n\n\n<h2 class=\"wp-block-heading\"><strong>Quin \u00e9s el rol de l&#8217;assessor digital del Kit Consulting?<\/strong><\/h2>\n\n\n\n<p>Si est\u00e0s llegint aquest post potser \u00e9s perqu\u00e8 pots tenir molts dubtes dels perfil dels professionals que estan donant el servei de consultors \u201cespecialitzats\u201d en IA de tota mena. En el directori d&#8217;Acelera Pime es pot apreciar amb relativa facilitat que l&#8217;oferta \u00e9s estranyament ampl\u00edssima i que molts consultors afirmen dominar totes les categories del Kit Consulting. Aix\u00f2 es fa dif\u00edcil de creure. El coneixement del mercat de la venda en l\u00ednia poc t\u00e9 a veure amb l'&#8221;assessorament de processos de negoci\u201d o \u201cestrat\u00e8gia i rendiment de negoci\u201d o \u201cassessorament en ciberseguretat\u201d.<\/p>\n\n\n\n<p>El professional assessor ha de saber enfocar b\u00e9 el moment i els objectius de cada empresa i si es tracta d&#8217;aplicar noves solucions, cal tenir una visi\u00f3 oberta i experta en cada \u00e0mbit per a recomanar el millor. Si parlem de Vendes Digitals o An\u00e0lisis de Dades, l&#8217;equip d&#8217;Advertis pot afrontar el repte sense lloc a dubte.<\/p>\n\n\n\n<p>Advertis \u00e9s <strong>Assessor Digital Adherit d<a href=\"\/ca\/kit-consulting\/\" target=\"_blank\" rel=\"noreferrer noopener\">el programa Kit Consulting<\/a><\/strong> i ha obtingut l&#8217;aval del Ministeri per a oferir un servei de consultoria per a <strong>optimitzar les vendes en l\u00ednia<\/strong> i <strong>analitzar dades de m\u00e0rqueting<\/strong> mitjan\u00e7ant l&#8217;\u00fas d&#8217;eines d&#8217;<strong>Intel\u00b7lig\u00e8ncia<\/strong> <strong>Artificial<\/strong> (IA).<\/p>\n\n\n\n<p>I si vols escoltar el nostre CEO durant 1\u2019, aqu\u00ed tens el video t&#8217;ho explica i si t&#8217;interessa, <a href=\"\/ca\/contacte\/\">contacta&#8217;ns<\/a>.<\/p>\n\n\n\n<figure class=\"wp-block-embed is-type-video is-provider-youtube wp-block-embed-youtube wp-embed-aspect-16-9 wp-has-aspect-ratio\"><div class=\"wp-block-embed__wrapper\">\n<iframe loading=\"lazy\" title=\"Kit Consulting: ayudas de 12.000\u20ac a 24.000\u20ac para mejorar tu negocio con IA\" width=\"800\" height=\"450\" src=\"https:\/\/www.youtube.com\/embed\/U2SiGeQ5-UM?feature=oembed\" frameborder=\"0\" allow=\"accelerometer; autoplay; clipboard-write; encrypted-media; gyroscope; picture-in-picture; web-share\" referrerpolicy=\"strict-origin-when-cross-origin\" allowfullscreen><\/iframe>\n<\/div><\/figure>\n","protected":false},"excerpt":{"rendered":"<p>Lectura 5&#8242;. El Kit Consulting \u00e9s una oportunitat \u00fanica perqu\u00e8 les empreses millorin les seves vendes digitals i optimitzin l&#8217;\u00fas  de dades mitjan\u00e7ant un enfocament estrat\u00e8gic i personalitzat amb IA. Amb el suport d&#8217;eines d&#8217;Intel\u00b7lig\u00e8ncia Artificial (IA), aquest programa subvencionat facilita l&#8217;adopci\u00f3 de tecnologies avan\u00e7ades, assegurant un creixement sostenible i competitiu en el mercat actual.<\/p>\n","protected":false},"author":4,"featured_media":1889,"comment_status":"closed","ping_status":"closed","sticky":false,"template":"","format":"standard","meta":{"_acf_changed":false,"footnotes":""},"categories":[119,23],"tags":[],"class_list":["post-5127","post","type-post","status-publish","format-standard","has-post-thumbnail","hentry","category-consultoria-digital","category-estrategia-digital-y-gestion-online"],"acf":[],"yoast_head":"<!-- This site is optimized with the Yoast SEO plugin v24.2 - https:\/\/yoast.com\/wordpress\/plugins\/seo\/ -->\n<title>Kit Consulting: Vendes Digitals i Dades amb IA<\/title>\n<meta name=\"description\" content=\"El Kit Consulting \u00e9s una oportunitat \u00fanica perqu\u00e8 les empreses millorin les seves vendes digitals i optimitzin l&#039;\u00fas de dades amb IA.\" \/>\n<meta name=\"robots\" content=\"index, follow, max-snippet:-1, max-image-preview:large, max-video-preview:-1\" \/>\n<link rel=\"canonical\" href=\"https:\/\/advertis.es\/ca\/kit-consulting-vendes-digitals-i-dades-amb-ia\/\" \/>\n<meta property=\"og:locale\" content=\"ca_ES\" \/>\n<meta property=\"og:type\" content=\"article\" \/>\n<meta property=\"og:title\" content=\"Kit Consulting: Vendes Digitals i Dades amb IA\" \/>\n<meta property=\"og:description\" content=\"El Kit Consulting \u00e9s una oportunitat \u00fanica perqu\u00e8 les empreses millorin les seves vendes digitals i optimitzin l&#039;\u00fas de dades amb IA.\" \/>\n<meta property=\"og:url\" content=\"https:\/\/advertis.es\/ca\/kit-consulting-vendes-digitals-i-dades-amb-ia\/\" \/>\n<meta property=\"og:site_name\" content=\"Advertis\" \/>\n<meta property=\"article:publisher\" content=\"https:\/\/www.facebook.com\/advertispublicidad?ref=hl\" \/>\n<meta property=\"article:published_time\" content=\"2024-07-29T15:10:21+00:00\" \/>\n<meta property=\"article:modified_time\" content=\"2024-09-30T13:41:36+00:00\" \/>\n<meta property=\"og:image\" content=\"https:\/\/advertis.es\/wp-content\/uploads\/2024\/07\/Logo-Kit-Consulting_4.png\" \/>\n\t<meta property=\"og:image:width\" content=\"1505\" \/>\n\t<meta property=\"og:image:height\" content=\"1042\" \/>\n\t<meta property=\"og:image:type\" content=\"image\/webp\" \/>\n<meta name=\"author\" content=\"Xavier Folguera\" \/>\n<meta name=\"twitter:card\" content=\"summary_large_image\" \/>\n<meta name=\"twitter:creator\" content=\"@advertisglobal\" \/>\n<meta name=\"twitter:site\" content=\"@advertisglobal\" \/>\n<script type=\"application\/ld+json\" class=\"yoast-schema-graph\">{\"@context\":\"https:\/\/schema.org\",\"@graph\":[{\"@type\":\"Article\",\"@id\":\"https:\/\/advertis.es\/ca\/kit-consulting-vendes-digitals-i-dades-amb-ia\/#article\",\"isPartOf\":{\"@id\":\"https:\/\/advertis.es\/ca\/kit-consulting-vendes-digitals-i-dades-amb-ia\/\"},\"author\":{\"name\":\"Xavier Folguera\",\"@id\":\"https:\/\/advertis.es\/ca\/#\/schema\/person\/b97b1a1666479cb3925871aa53ed67fa\"},\"headline\":\"Kit Consulting: Vendes Digitals i Dades amb IA\",\"datePublished\":\"2024-07-29T15:10:21+00:00\",\"dateModified\":\"2024-09-30T13:41:36+00:00\",\"mainEntityOfPage\":{\"@id\":\"https:\/\/advertis.es\/ca\/kit-consulting-vendes-digitals-i-dades-amb-ia\/\"},\"wordCount\":781,\"publisher\":{\"@id\":\"https:\/\/advertis.es\/ca\/#organization\"},\"image\":{\"@id\":\"https:\/\/advertis.es\/ca\/kit-consulting-vendes-digitals-i-dades-amb-ia\/#primaryimage\"},\"thumbnailUrl\":\"https:\/\/advertis.es\/wp-content\/uploads\/2024\/07\/Logo-Kit-Consulting_4.png\",\"articleSection\":[\"Consultor\u00eda Digital\",\"Estrategia Digital y Gesti\u00f3n Online\"],\"inLanguage\":\"ca\"},{\"@type\":\"WebPage\",\"@id\":\"https:\/\/advertis.es\/ca\/kit-consulting-vendes-digitals-i-dades-amb-ia\/\",\"url\":\"https:\/\/advertis.es\/ca\/kit-consulting-vendes-digitals-i-dades-amb-ia\/\",\"name\":\"Kit Consulting: Vendes Digitals i Dades amb IA\",\"isPartOf\":{\"@id\":\"https:\/\/advertis.es\/ca\/#website\"},\"primaryImageOfPage\":{\"@id\":\"https:\/\/advertis.es\/ca\/kit-consulting-vendes-digitals-i-dades-amb-ia\/#primaryimage\"},\"image\":{\"@id\":\"https:\/\/advertis.es\/ca\/kit-consulting-vendes-digitals-i-dades-amb-ia\/#primaryimage\"},\"thumbnailUrl\":\"https:\/\/advertis.es\/wp-content\/uploads\/2024\/07\/Logo-Kit-Consulting_4.png\",\"datePublished\":\"2024-07-29T15:10:21+00:00\",\"dateModified\":\"2024-09-30T13:41:36+00:00\",\"description\":\"El Kit Consulting \u00e9s una oportunitat \u00fanica perqu\u00e8 les empreses millorin les seves vendes digitals i optimitzin l'\u00fas de dades amb IA.\",\"breadcrumb\":{\"@id\":\"https:\/\/advertis.es\/ca\/kit-consulting-vendes-digitals-i-dades-amb-ia\/#breadcrumb\"},\"inLanguage\":\"ca\",\"potentialAction\":[{\"@type\":\"ReadAction\",\"target\":[\"https:\/\/advertis.es\/ca\/kit-consulting-vendes-digitals-i-dades-amb-ia\/\"]}]},{\"@type\":\"ImageObject\",\"inLanguage\":\"ca\",\"@id\":\"https:\/\/advertis.es\/ca\/kit-consulting-vendes-digitals-i-dades-amb-ia\/#primaryimage\",\"url\":\"https:\/\/advertis.es\/wp-content\/uploads\/2024\/07\/Logo-Kit-Consulting_4.png\",\"contentUrl\":\"https:\/\/advertis.es\/wp-content\/uploads\/2024\/07\/Logo-Kit-Consulting_4.png\",\"width\":1505,\"height\":1042},{\"@type\":\"BreadcrumbList\",\"@id\":\"https:\/\/advertis.es\/ca\/kit-consulting-vendes-digitals-i-dades-amb-ia\/#breadcrumb\",\"itemListElement\":[{\"@type\":\"ListItem\",\"position\":1,\"name\":\"Portada\",\"item\":\"https:\/\/advertis.es\/ca\/\"},{\"@type\":\"ListItem\",\"position\":2,\"name\":\"Kit Consulting: Vendes Digitals i Dades amb IA\"}]},{\"@type\":\"WebSite\",\"@id\":\"https:\/\/advertis.es\/ca\/#website\",\"url\":\"https:\/\/advertis.es\/ca\/\",\"name\":\"Advertis\",\"description\":\"\",\"publisher\":{\"@id\":\"https:\/\/advertis.es\/ca\/#organization\"},\"potentialAction\":[{\"@type\":\"SearchAction\",\"target\":{\"@type\":\"EntryPoint\",\"urlTemplate\":\"https:\/\/advertis.es\/ca\/?s={search_term_string}\"},\"query-input\":{\"@type\":\"PropertyValueSpecification\",\"valueRequired\":true,\"valueName\":\"search_term_string\"}}],\"inLanguage\":\"ca\"},{\"@type\":\"Organization\",\"@id\":\"https:\/\/advertis.es\/ca\/#organization\",\"name\":\"Advertis Global SL\",\"alternateName\":\"Advertis\",\"url\":\"https:\/\/advertis.es\/ca\/\",\"logo\":{\"@type\":\"ImageObject\",\"inLanguage\":\"ca\",\"@id\":\"https:\/\/advertis.es\/ca\/#\/schema\/logo\/image\/\",\"url\":\"https:\/\/advertis.es\/wp-content\/uploads\/Group-9.svg\",\"contentUrl\":\"https:\/\/advertis.es\/wp-content\/uploads\/Group-9.svg\",\"width\":300,\"height\":44,\"caption\":\"Advertis Global SL\"},\"image\":{\"@id\":\"https:\/\/advertis.es\/ca\/#\/schema\/logo\/image\/\"},\"sameAs\":[\"https:\/\/www.facebook.com\/advertispublicidad?ref=hl\",\"https:\/\/x.com\/advertisglobal\",\"https:\/\/www.linkedin.com\/company\/advertis\"]},{\"@type\":\"Person\",\"@id\":\"https:\/\/advertis.es\/ca\/#\/schema\/person\/b97b1a1666479cb3925871aa53ed67fa\",\"name\":\"Xavier Folguera\"}]}<\/script>\n<!-- \/ Yoast SEO plugin. -->","yoast_head_json":{"title":"Kit Consulting: Vendes Digitals i Dades amb IA","description":"El Kit Consulting \u00e9s una oportunitat \u00fanica perqu\u00e8 les empreses millorin les seves vendes digitals i optimitzin l'\u00fas de dades amb IA.","robots":{"index":"index","follow":"follow","max-snippet":"max-snippet:-1","max-image-preview":"max-image-preview:large","max-video-preview":"max-video-preview:-1"},"canonical":"https:\/\/advertis.es\/ca\/kit-consulting-vendes-digitals-i-dades-amb-ia\/","og_locale":"ca_ES","og_type":"article","og_title":"Kit Consulting: Vendes Digitals i Dades amb IA","og_description":"El Kit Consulting \u00e9s una oportunitat \u00fanica perqu\u00e8 les empreses millorin les seves vendes digitals i optimitzin l'\u00fas de dades amb IA.","og_url":"https:\/\/advertis.es\/ca\/kit-consulting-vendes-digitals-i-dades-amb-ia\/","og_site_name":"Advertis","article_publisher":"https:\/\/www.facebook.com\/advertispublicidad?ref=hl","article_published_time":"2024-07-29T15:10:21+00:00","article_modified_time":"2024-09-30T13:41:36+00:00","og_image":[{"width":1505,"height":1042,"url":"https:\/\/advertis.es\/wp-content\/uploads\/2024\/07\/Logo-Kit-Consulting_4.png","type":"image\/webp"}],"author":"Xavier Folguera","twitter_card":"summary_large_image","twitter_creator":"@advertisglobal","twitter_site":"@advertisglobal","schema":{"@context":"https:\/\/schema.org","@graph":[{"@type":"Article","@id":"https:\/\/advertis.es\/ca\/kit-consulting-vendes-digitals-i-dades-amb-ia\/#article","isPartOf":{"@id":"https:\/\/advertis.es\/ca\/kit-consulting-vendes-digitals-i-dades-amb-ia\/"},"author":{"name":"Xavier Folguera","@id":"https:\/\/advertis.es\/ca\/#\/schema\/person\/b97b1a1666479cb3925871aa53ed67fa"},"headline":"Kit Consulting: Vendes Digitals i Dades amb IA","datePublished":"2024-07-29T15:10:21+00:00","dateModified":"2024-09-30T13:41:36+00:00","mainEntityOfPage":{"@id":"https:\/\/advertis.es\/ca\/kit-consulting-vendes-digitals-i-dades-amb-ia\/"},"wordCount":781,"publisher":{"@id":"https:\/\/advertis.es\/ca\/#organization"},"image":{"@id":"https:\/\/advertis.es\/ca\/kit-consulting-vendes-digitals-i-dades-amb-ia\/#primaryimage"},"thumbnailUrl":"https:\/\/advertis.es\/wp-content\/uploads\/2024\/07\/Logo-Kit-Consulting_4.png","articleSection":["Consultor\u00eda Digital","Estrategia Digital y Gesti\u00f3n Online"],"inLanguage":"ca"},{"@type":"WebPage","@id":"https:\/\/advertis.es\/ca\/kit-consulting-vendes-digitals-i-dades-amb-ia\/","url":"https:\/\/advertis.es\/ca\/kit-consulting-vendes-digitals-i-dades-amb-ia\/","name":"Kit Consulting: Vendes Digitals i Dades amb IA","isPartOf":{"@id":"https:\/\/advertis.es\/ca\/#website"},"primaryImageOfPage":{"@id":"https:\/\/advertis.es\/ca\/kit-consulting-vendes-digitals-i-dades-amb-ia\/#primaryimage"},"image":{"@id":"https:\/\/advertis.es\/ca\/kit-consulting-vendes-digitals-i-dades-amb-ia\/#primaryimage"},"thumbnailUrl":"https:\/\/advertis.es\/wp-content\/uploads\/2024\/07\/Logo-Kit-Consulting_4.png","datePublished":"2024-07-29T15:10:21+00:00","dateModified":"2024-09-30T13:41:36+00:00","description":"El Kit Consulting \u00e9s una oportunitat \u00fanica perqu\u00e8 les empreses millorin les seves vendes digitals i optimitzin l'\u00fas de dades amb IA.","breadcrumb":{"@id":"https:\/\/advertis.es\/ca\/kit-consulting-vendes-digitals-i-dades-amb-ia\/#breadcrumb"},"inLanguage":"ca","potentialAction":[{"@type":"ReadAction","target":["https:\/\/advertis.es\/ca\/kit-consulting-vendes-digitals-i-dades-amb-ia\/"]}]},{"@type":"ImageObject","inLanguage":"ca","@id":"https:\/\/advertis.es\/ca\/kit-consulting-vendes-digitals-i-dades-amb-ia\/#primaryimage","url":"https:\/\/advertis.es\/wp-content\/uploads\/2024\/07\/Logo-Kit-Consulting_4.png","contentUrl":"https:\/\/advertis.es\/wp-content\/uploads\/2024\/07\/Logo-Kit-Consulting_4.png","width":1505,"height":1042},{"@type":"BreadcrumbList","@id":"https:\/\/advertis.es\/ca\/kit-consulting-vendes-digitals-i-dades-amb-ia\/#breadcrumb","itemListElement":[{"@type":"ListItem","position":1,"name":"Portada","item":"https:\/\/advertis.es\/ca\/"},{"@type":"ListItem","position":2,"name":"Kit Consulting: Vendes Digitals i Dades amb IA"}]},{"@type":"WebSite","@id":"https:\/\/advertis.es\/ca\/#website","url":"https:\/\/advertis.es\/ca\/","name":"Advertis","description":"","publisher":{"@id":"https:\/\/advertis.es\/ca\/#organization"},"potentialAction":[{"@type":"SearchAction","target":{"@type":"EntryPoint","urlTemplate":"https:\/\/advertis.es\/ca\/?s={search_term_string}"},"query-input":{"@type":"PropertyValueSpecification","valueRequired":true,"valueName":"search_term_string"}}],"inLanguage":"ca"},{"@type":"Organization","@id":"https:\/\/advertis.es\/ca\/#organization","name":"Advertis Global SL","alternateName":"Advertis","url":"https:\/\/advertis.es\/ca\/","logo":{"@type":"ImageObject","inLanguage":"ca","@id":"https:\/\/advertis.es\/ca\/#\/schema\/logo\/image\/","url":"https:\/\/advertis.es\/wp-content\/uploads\/Group-9.svg","contentUrl":"https:\/\/advertis.es\/wp-content\/uploads\/Group-9.svg","width":300,"height":44,"caption":"Advertis Global SL"},"image":{"@id":"https:\/\/advertis.es\/ca\/#\/schema\/logo\/image\/"},"sameAs":["https:\/\/www.facebook.com\/advertispublicidad?ref=hl","https:\/\/x.com\/advertisglobal","https:\/\/www.linkedin.com\/company\/advertis"]},{"@type":"Person","@id":"https:\/\/advertis.es\/ca\/#\/schema\/person\/b97b1a1666479cb3925871aa53ed67fa","name":"Xavier Folguera"}]}},"_links":{"self":[{"href":"https:\/\/advertis.es\/ca\/wp-json\/wp\/v2\/posts\/5127","targetHints":{"allow":["GET"]}}],"collection":[{"href":"https:\/\/advertis.es\/ca\/wp-json\/wp\/v2\/posts"}],"about":[{"href":"https:\/\/advertis.es\/ca\/wp-json\/wp\/v2\/types\/post"}],"author":[{"embeddable":true,"href":"https:\/\/advertis.es\/ca\/wp-json\/wp\/v2\/users\/4"}],"replies":[{"embeddable":true,"href":"https:\/\/advertis.es\/ca\/wp-json\/wp\/v2\/comments?post=5127"}],"version-history":[{"count":1,"href":"https:\/\/advertis.es\/ca\/wp-json\/wp\/v2\/posts\/5127\/revisions"}],"predecessor-version":[{"id":5682,"href":"https:\/\/advertis.es\/ca\/wp-json\/wp\/v2\/posts\/5127\/revisions\/5682"}],"wp:featuredmedia":[{"embeddable":true,"href":"https:\/\/advertis.es\/ca\/wp-json\/wp\/v2\/media\/1889"}],"wp:attachment":[{"href":"https:\/\/advertis.es\/ca\/wp-json\/wp\/v2\/media?parent=5127"}],"wp:term":[{"taxonomy":"category","embeddable":true,"href":"https:\/\/advertis.es\/ca\/wp-json\/wp\/v2\/categories?post=5127"},{"taxonomy":"post_tag","embeddable":true,"href":"https:\/\/advertis.es\/ca\/wp-json\/wp\/v2\/tags?post=5127"}],"curies":[{"name":"wp","href":"https:\/\/api.w.org\/{rel}","templated":true}]}}